{"id":19584,"date":"2025-09-02T16:09:20","date_gmt":"2025-09-02T20:09:20","guid":{"rendered":"https:\/\/agromt.news\/?p=19584"},"modified":"2025-09-02T16:09:20","modified_gmt":"2025-09-02T20:09:20","slug":"salmao-por-r-4999-kg-e-destaque-em-festival-de-mercado-de-peixes","status":"publish","type":"post","link":"https:\/\/agromt.news\/?p=19584","title":{"rendered":"Salm\u00e3o por R$ 49,99\/kg \u00e9 destaque em festival de mercado de peixes"},"content":{"rendered":"<p> <br \/>\n<\/p>\n<div>\n<p>O Mercado do Peixe de Santos, em <a href=\"https:\/\/www.canalrural.com.br\/tag\/sao-paulo\/\">S\u00e3o Paulo<\/a>, iniciou nesta ter\u00e7a-feira (2) o Festival do Salm\u00e3o com pre\u00e7os a partir de R$ 49,99 o quilo. As promo\u00e7\u00f5es seguem at\u00e9 domingo (7).<\/p>\n<p>Durante o festival, 20 licenciados oferecem diferentes cortes de salm\u00e3o, ideais para preparo cru, grelhado ou assado, a pre\u00e7os a partir de R$ 49,99\/kg (pe\u00e7a inteira). A\u00a0m\u00e9dia de pre\u00e7os cobrada no quilo do salm\u00e3o \u00e9 de\u00a0R$ 68,00 nos dias normais, redu\u00e7\u00e3o de aproximadamente 26%.\u00a0<\/p>\n<p>De acordo com o comerciante do Box Santista, Alex de Andrade, a expectativa \u00e9 de aumento das\u00a0vendas do salm\u00e3o,\u00a0peixe muito popular no Brasil e com\u00a0grande benef\u00edcio nutricional.<\/p>\n<p>\u201cQuem visita o mercado gosta de encontrar variedade e promo\u00e7\u00f5es. O Festival do Salm\u00e3o \u00e9 uma forma de mostrar que temos qualidade e pre\u00e7o justo\u201d diz.\u00a0<\/p>\n<\/div>\n<div>\n<p>\u201cH\u00e1 dois anos n\u00e3o faz\u00edamos este festival. Ent\u00e3o, houve\u00a0negocia\u00e7\u00e3o com os fornecedores\u00a0e eles conseguiram negociar o pre\u00e7o para oferecer algo mais acess\u00edvel aos clientes\u201d, disse o coordenador do Mercado de Peixes, Paulo S\u00e9rgio Carvalhal.<\/p>\n<p>Entre os clientes, a promo\u00e7\u00e3o tamb\u00e9m foi bem recebida. \u201cSempre compro salm\u00e3o para preparar em casa, mas o pre\u00e7o andava pesado. Com essa promo\u00e7\u00e3o, j\u00e1 garanti alguns quilos para o m\u00eas\u201d, disse a aposentada Tereza Di Gianni, 70, moradora do Campo Grande, em S\u00e3o Paulo.<\/p>\n<figure class=\"wp-block-image size-large\"><img fetchpriority=\"high\" decoding=\"async\" width=\"1024\" height=\"682\" alt=\"Salm\u00e3o\" class=\"wp-image-4120532\"  data-lazy- src=\"https:\/\/agromt.news\/wp-content\/uploads\/2025\/09\/Salmao-por-R-4999kg-e-destaque-em-festival-de-mercado.jpg\"\/><img decoding=\"async\" width=\"1024\" height=\"682\" src=\"https:\/\/agromt.news\/wp-content\/uploads\/2025\/09\/Salmao-por-R-4999kg-e-destaque-em-festival-de-mercado.jpg\" alt=\"Salm\u00e3o\" class=\"wp-image-4120532\"  \/><figcaption class=\"wp-element-caption\">Foto: Raimundo Rosa\/divulga\u00e7\u00e3o Prefeitura de Santos<\/figcaption><\/figure>\n<p>O Mercado do Peixe de Santos funciona de ter\u00e7a a s\u00e1bado, das 7h \u00e0s 18h, e aos domingos, das 7h \u00e0s 15h, na Avenida M\u00e1rio Covas J\u00fanior, 3.050, em Santos, S\u00e3o Paulo. <\/p>\n<p>O espa\u00e7o conta com estacionamento, acessibilidade, \u00e1reas de refrigera\u00e7\u00e3o e o restaurante Paru, localizado no mezanino, que oferece refei\u00e7\u00f5es r\u00e1pidas de frutos do mar.<\/p>\n<\/p><\/div>\n<p><br \/>\n<br \/><a href=\"https:\/\/www.canalrural.com.br\/aves-e-suinos\/peixes\/salmao-por-r-4999-kg-e-destaque-em-festival-de-mercado-de-peixes\/\">Source link <\/a><\/p>\n","protected":false},"excerpt":{"rendered":"<p>O Mercado do Peixe de Santos, em S\u00e3o Paulo, iniciou nesta ter\u00e7a-feira (2) o Festival do Salm\u00e3o com pre\u00e7os a<\/p>\n","protected":false},"author":1,"featured_media":19585,"comment_status":"open","ping_status":"open","sticky":false,"template":"","format":"standard","meta":{"_monsterinsights_skip_tracking":false,"_monsterinsights_sitenote_active":false,"_monsterinsights_sitenote_note":"","_monsterinsights_sitenote_category":0,"_uf_show_specific_survey":0,"_uf_disable_surveys":false,"footnotes":""},"categories":[1],"tags":[],"class_list":["post-19584","post","type-post","status-publish","format-standard","has-post-thumbnail","hentry","category-news"],"_links":{"self":[{"href":"https:\/\/agromt.news\/index.php?rest_route=\/wp\/v2\/posts\/19584"}],"collection":[{"href":"https:\/\/agromt.news\/index.php?rest_route=\/wp\/v2\/posts"}],"about":[{"href":"https:\/\/agromt.news\/index.php?rest_route=\/wp\/v2\/types\/post"}],"author":[{"embeddable":true,"href":"https:\/\/agromt.news\/index.php?rest_route=\/wp\/v2\/users\/1"}],"replies":[{"embeddable":true,"href":"https:\/\/agromt.news\/index.php?rest_route=%2Fwp%2Fv2%2Fcomments&post=19584"}],"version-history":[{"count":0,"href":"https:\/\/agromt.news\/index.php?rest_route=\/wp\/v2\/posts\/19584\/revisions"}],"wp:featuredmedia":[{"embeddable":true,"href":"https:\/\/agromt.news\/index.php?rest_route=\/wp\/v2\/media\/19585"}],"wp:attachment":[{"href":"https:\/\/agromt.news\/index.php?rest_route=%2Fwp%2Fv2%2Fmedia&parent=19584"}],"wp:term":[{"taxonomy":"category","embeddable":true,"href":"https:\/\/agromt.news\/index.php?rest_route=%2Fwp%2Fv2%2Fcategories&post=19584"},{"taxonomy":"post_tag","embeddable":true,"href":"https:\/\/agromt.news\/index.php?rest_route=%2Fwp%2Fv2%2Ftags&post=19584"}],"curies":[{"name":"wp","href":"https:\/\/api.w.org\/{rel}","templated":true}]}}