{"id":19578,"date":"2025-09-02T15:13:00","date_gmt":"2025-09-02T19:13:00","guid":{"rendered":"https:\/\/agromt.news\/?p=19578"},"modified":"2025-09-02T15:13:00","modified_gmt":"2025-09-02T19:13:00","slug":"juros-devem-frear-crescimento-da-economia-por-mais-tempo","status":"publish","type":"post","link":"https:\/\/agromt.news\/?p=19578","title":{"rendered":"Juros devem frear crescimento da economia por mais tempo"},"content":{"rendered":"<p> <br \/>\n<br \/><img decoding=\"async\" src=\"https:\/\/agromt.news\/wp-content\/uploads\/2025\/09\/Juros-devem-frear-crescimento-da-economia-por-mais-tempo.jpg\" \/><\/p>\n<div>\n<p>O Brasil deve conviver com um cen\u00e1rio de desacelera\u00e7\u00e3o econ\u00f4mica nos pr\u00f3ximos meses. A avalia\u00e7\u00e3o \u00e9 do economista-chefe da Frente Corretora, Fabrizio Velloni. Segundo ele, a taxa b\u00e1sica de juros em 15% cumpre o papel de conter a infla\u00e7\u00e3o, mas tamb\u00e9m limita o ritmo de crescimento do pa\u00eds.<\/p>\n<p>\u201cO juro alto tem exatamente essa fun\u00e7\u00e3o de segurar a atividade. Ele desacelera a economia basicamente para controlar press\u00f5es inflacion\u00e1rias\u201d, explica Velloni. \u201cAl\u00e9m disso, parte da Selic funciona como um pr\u00eamio de risco para atrair d\u00f3lares, o que ajuda a manter o c\u00e2mbio mais comportado.\u201d<\/p>\n<p>Para o economista, o efeito da <a href=\"https:\/\/www.canalrural.com.br\/tag\/selic\/\">Selic<\/a> sobre o crescimento \u00e9 esperado e necess\u00e1rio. \u201cQuando come\u00e7armos a abrir espa\u00e7o para cortes de juros, isso deve gerar alguma expectativa de acelera\u00e7\u00e3o econ\u00f4mica, mas ainda n\u00e3o estamos nesse ponto.\u201d<\/p>\n<p><iframe title=\"Desacelera\u00e7\u00e3o do PIB era esperada pelo mercado, avalia economista\" width=\"800\" height=\"450\" src=\"https:\/\/www.youtube.com\/embed\/JaJprMFKeu8?feature=oembed\" frameborder=\"0\" allow=\"accelerometer; autoplay; clipboard-write; encrypted-media; gyroscope; picture-in-picture; web-share\" referrerpolicy=\"strict-origin-when-cross-origin\" allowfullscreen><\/iframe><noscript><iframe title=\"Desacelera\u00e7\u00e3o do PIB era esperada pelo mercado, avalia economista\" width=\"800\" height=\"450\" src=\"https:\/\/www.youtube.com\/embed\/JaJprMFKeu8?feature=oembed\" frameborder=\"0\" allow=\"accelerometer; autoplay; clipboard-write; encrypted-media; gyroscope; picture-in-picture; web-share\" referrerpolicy=\"strict-origin-when-cross-origin\" allowfullscreen><\/iframe><\/noscript><\/p>\n<h3 class=\"wp-block-heading\" id=\"h-agro-e-os-impactos-do-tarifaco\">Agro e os impactos do tarifa\u00e7o<\/h3>\n<p>No campo, o economista chama a aten\u00e7\u00e3o para a combina\u00e7\u00e3o de fatores que afetam o desempenho. Al\u00e9m da queda nos pre\u00e7os internacionais das commodities, o setor sofre com as tarifas impostas pelos Estados Unidos. \u201cO agro \u00e9 um dos segmentos mais penalizados nesse momento, com expectativa de redu\u00e7\u00e3o da demanda no curto e m\u00e9dio prazo\u201d, afirma.<\/p>\n<\/div>\n<div>\n<p>Velloni lembra que, historicamente, o agro j\u00e1 foi um dos principais motores do crescimento do pa\u00eds. \u201cEm outros anos, o setor puxou com for\u00e7a o crescimento do Brasil, principalmente por causa da demanda mundial por commodities e das supersafras que conseguimos produzir.\u201d<\/p>\n<p>Os dados do PIB divulgados nesta ter\u00e7a-feira (2) pelo Instituto Brasileiro de Geografia e Estat\u00edstica (IBGE) confirmam a perda de ritmo da economia. O indicador cresceu 0,4% no segundo trimestre de 2025 frente aos tr\u00eas meses anteriores.\u00a0<\/p>\n<p>O resultado foi puxado por servi\u00e7os (<strong>+0,6%<\/strong>) e ind\u00fastria (<strong>+0,5%<\/strong>), enquanto a agropecu\u00e1ria recuou 0,1%. Na compara\u00e7\u00e3o anual, no entanto, o setor agro registrou alta expressiva de 10,1%, impulsionado por milho, soja, arroz, algod\u00e3o e caf\u00e9.<\/p>\n<h3 class=\"wp-block-heading\" id=\"h-pressao-dos-juros-deve-continuar\">Press\u00e3o dos juros deve continuar<\/h3>\n<p>Apesar da sequ\u00eancia de 16 trimestres de crescimento e do maior patamar da s\u00e9rie hist\u00f3rica iniciada em 1996, o desempenho do PIB ficou abaixo do registrado no in\u00edcio do ano, quando a economia brasileira havia avan\u00e7ado 1,3%. Para Velloni, a retomada s\u00f3 deve ganhar f\u00f4lego quando houver espa\u00e7o para cortes na taxa de juros.<\/p>\n<\/p><\/div>\n<p><br \/>\n<br \/><a href=\"https:\/\/www.canalrural.com.br\/economia\/juros-devem-frear-crescimento-da-economia-por-mais-tempo\/\">Source link <\/a><\/p>\n","protected":false},"excerpt":{"rendered":"<p>O Brasil deve conviver com um cen\u00e1rio de desacelera\u00e7\u00e3o econ\u00f4mica nos pr\u00f3ximos meses. A avalia\u00e7\u00e3o \u00e9 do economista-chefe da Frente<\/p>\n","protected":false},"author":1,"featured_media":19579,"comment_status":"open","ping_status":"open","sticky":false,"template":"","format":"standard","meta":{"_monsterinsights_skip_tracking":false,"_monsterinsights_sitenote_active":false,"_monsterinsights_sitenote_note":"","_monsterinsights_sitenote_category":0,"_uf_show_specific_survey":0,"_uf_disable_surveys":false,"footnotes":""},"categories":[1],"tags":[],"class_list":["post-19578","post","type-post","status-publish","format-standard","has-post-thumbnail","hentry","category-news"],"_links":{"self":[{"href":"https:\/\/agromt.news\/index.php?rest_route=\/wp\/v2\/posts\/19578"}],"collection":[{"href":"https:\/\/agromt.news\/index.php?rest_route=\/wp\/v2\/posts"}],"about":[{"href":"https:\/\/agromt.news\/index.php?rest_route=\/wp\/v2\/types\/post"}],"author":[{"embeddable":true,"href":"https:\/\/agromt.news\/index.php?rest_route=\/wp\/v2\/users\/1"}],"replies":[{"embeddable":true,"href":"https:\/\/agromt.news\/index.php?rest_route=%2Fwp%2Fv2%2Fcomments&post=19578"}],"version-history":[{"count":0,"href":"https:\/\/agromt.news\/index.php?rest_route=\/wp\/v2\/posts\/19578\/revisions"}],"wp:featuredmedia":[{"embeddable":true,"href":"https:\/\/agromt.news\/index.php?rest_route=\/wp\/v2\/media\/19579"}],"wp:attachment":[{"href":"https:\/\/agromt.news\/index.php?rest_route=%2Fwp%2Fv2%2Fmedia&parent=19578"}],"wp:term":[{"taxonomy":"category","embeddable":true,"href":"https:\/\/agromt.news\/index.php?rest_route=%2Fwp%2Fv2%2Fcategories&post=19578"},{"taxonomy":"post_tag","embeddable":true,"href":"https:\/\/agromt.news\/index.php?rest_route=%2Fwp%2Fv2%2Ftags&post=19578"}],"curies":[{"name":"wp","href":"https:\/\/api.w.org\/{rel}","templated":true}]}}