{"id":19574,"date":"2025-09-02T13:56:03","date_gmt":"2025-09-02T17:56:03","guid":{"rendered":"https:\/\/agromt.news\/?p=19574"},"modified":"2025-09-02T13:56:03","modified_gmt":"2025-09-02T17:56:03","slug":"brasil-vive-momento-favoravel-para-reduzir-a-dependencia-externa-de-fertilizantes-diz-alckmin","status":"publish","type":"post","link":"https:\/\/agromt.news\/?p=19574","title":{"rendered":"Brasil vive momento favor\u00e1vel para reduzir a depend\u00eancia externa de fertilizantes, diz Alckmin"},"content":{"rendered":"<p> <br \/>\n<br \/><img decoding=\"async\" src=\"https:\/\/agromt.news\/wp-content\/uploads\/2025\/08\/Plano-de-contingencia-ao-tarifaco-deve-sair-ate-terca-diz.jpg\" \/><\/p>\n<div>\n<p>O vice-presidente da Rep\u00fablica e ministro do Desenvolvimento, Ind\u00fastria, Com\u00e9rcio e Servi\u00e7os, Geraldo Alckmin, afirmou nesta ter\u00e7a-feira (2), que o Brasil vive um momento favor\u00e1vel para reduzir a depend\u00eancia externa de fertilizantes. A declara\u00e7\u00e3o foi feita em v\u00eddeo exibido durante a abertura do 12\u00ba Congresso Brasileiro de Fertilizantes, promovido pela Associa\u00e7\u00e3o Nacional para Difus\u00e3o de Adubos (Anda), em S\u00e3o Paulo.<\/p>\n<p>Segundo o vice-presidente, o governo federal tem atuado para fortalecer a produ\u00e7\u00e3o nacional. \u201cPor meio do Conselho Nacional de Fertilizantes, o governo do presidente Lula est\u00e1 trabalhando na implementa\u00e7\u00e3o de um conjunto de projetos estrat\u00e9gicos, p\u00fablicos e privados, para impulsionar o setor\u201d, afirmou.<\/p>\n<p><em>Veja em primeira m\u00e3o tudo sobre agricultura, pecu\u00e1ria, economia e previs\u00e3o do tempo:<\/em><a href=\"https:\/\/news.google.com\/publications\/CAAqBwgKMPKZlQswq_mqAw?hl=pt-BR&amp;gl=BR&amp;ceid=BR%3Apt-419\" target=\"_blank\" rel=\"noreferrer noopener\"><em>\u00a0siga o Canal Rural no Google News!<\/em><\/a><\/p>\n<\/div>\n<div>\n<p>Alckmin destacou ainda o papel do programa Biofert, que oferece cr\u00e9dito do Banco Nacional de Desenvolvimento Econ\u00f4mico e Social (BNDES) com recursos do Fundo Clima. \u201cCom o programa Biofert, o BNDES criou uma linha de cr\u00e9dito para apoiar a instala\u00e7\u00e3o e convers\u00e3o de unidades produtivas para a produ\u00e7\u00e3o de fertilizantes org\u00e2nicos e organominerais\u201d, explicou.<\/p>\n<p>Entre os projetos em andamento, o vice-presidente citou o Complexo de Serra do Salitre, que deve responder por 15% da oferta nacional de fosfatados, al\u00e9m da retomada das unidades da Petrobras na Bahia e em Sergipe e da F\u00e1brica de Fertilizantes Nitrogenados (Fafen), em Arauc\u00e1ria (PR). \u201cEssas unidades poder\u00e3o suprir cerca de 20% da demanda nacional de nitrogenados, reduzindo nossa depend\u00eancia de importa\u00e7\u00f5es\u201d, afirmou.<\/p>\n<p>Ele tamb\u00e9m destacou a import\u00e2ncia do projeto em Autazes (AM), voltado para a produ\u00e7\u00e3o de pot\u00e1ssio. \u201cO projeto poder\u00e1 produzir cerca de 20% da nossa demanda por cloreto de pot\u00e1ssio\u201d, disse.<\/p>\n<\/p><\/div>\n<p><br \/>\n<br \/><a href=\"https:\/\/www.canalrural.com.br\/agricultura\/alckmin-destaca-projetos-e-menor-dependencia-de-importacoes-de-fertilizantes\/\">Source link <\/a><\/p>\n","protected":false},"excerpt":{"rendered":"<p>O vice-presidente da Rep\u00fablica e ministro do Desenvolvimento, Ind\u00fastria, Com\u00e9rcio e Servi\u00e7os, Geraldo Alckmin, afirmou nesta ter\u00e7a-feira (2), que o<\/p>\n","protected":false},"author":1,"featured_media":18234,"comment_status":"open","ping_status":"open","sticky":false,"template":"","format":"standard","meta":{"_monsterinsights_skip_tracking":false,"_monsterinsights_sitenote_active":false,"_monsterinsights_sitenote_note":"","_monsterinsights_sitenote_category":0,"_uf_show_specific_survey":0,"_uf_disable_surveys":false,"footnotes":""},"categories":[1],"tags":[],"class_list":["post-19574","post","type-post","status-publish","format-standard","has-post-thumbnail","hentry","category-news"],"_links":{"self":[{"href":"https:\/\/agromt.news\/index.php?rest_route=\/wp\/v2\/posts\/19574"}],"collection":[{"href":"https:\/\/agromt.news\/index.php?rest_route=\/wp\/v2\/posts"}],"about":[{"href":"https:\/\/agromt.news\/index.php?rest_route=\/wp\/v2\/types\/post"}],"author":[{"embeddable":true,"href":"https:\/\/agromt.news\/index.php?rest_route=\/wp\/v2\/users\/1"}],"replies":[{"embeddable":true,"href":"https:\/\/agromt.news\/index.php?rest_route=%2Fwp%2Fv2%2Fcomments&post=19574"}],"version-history":[{"count":0,"href":"https:\/\/agromt.news\/index.php?rest_route=\/wp\/v2\/posts\/19574\/revisions"}],"wp:featuredmedia":[{"embeddable":true,"href":"https:\/\/agromt.news\/index.php?rest_route=\/wp\/v2\/media\/18234"}],"wp:attachment":[{"href":"https:\/\/agromt.news\/index.php?rest_route=%2Fwp%2Fv2%2Fmedia&parent=19574"}],"wp:term":[{"taxonomy":"category","embeddable":true,"href":"https:\/\/agromt.news\/index.php?rest_route=%2Fwp%2Fv2%2Fcategories&post=19574"},{"taxonomy":"post_tag","embeddable":true,"href":"https:\/\/agromt.news\/index.php?rest_route=%2Fwp%2Fv2%2Ftags&post=19574"}],"curies":[{"name":"wp","href":"https:\/\/api.w.org\/{rel}","templated":true}]}}