{"id":19571,"date":"2025-09-02T12:31:41","date_gmt":"2025-09-02T16:31:41","guid":{"rendered":"https:\/\/agromt.news\/?p=19571"},"modified":"2025-09-02T12:31:41","modified_gmt":"2025-09-02T16:31:41","slug":"soja-fecha-agosto-em-alta-na-cbot","status":"publish","type":"post","link":"https:\/\/agromt.news\/?p=19571","title":{"rendered":"Soja fecha agosto em alta na CBOT"},"content":{"rendered":"<p> <br \/>\n<\/p>\n<div>\n<p>O mercado da <a href=\"https:\/\/www.agrolink.com.br\/culturas\/soja?utm_source=agrolink-detalhe-noticia&amp;utm_medium=detalhe-noticia&amp;utm_campaign=links-internos\" target=\"_blank\" rel=\"noopener\">soja<\/a> em Chicago (CBOT) encerrou agosto em forte valoriza\u00e7\u00e3o, influenciado por preocupa\u00e7\u00f5es com o clima nos Estados Unidos, maior produtor mundial. Segundo a TF Agroecon\u00f4mica, o contrato de <a href=\"https:\/\/www.agrolink.com.br\/culturas\/soja?utm_source=agrolink-detalhe-noticia&amp;utm_medium=detalhe-noticia&amp;utm_campaign=links-internos\" target=\"_blank\" rel=\"noopener\">soja<\/a> para setembro, refer\u00eancia para a safra brasileira, fechou em alta de 0,83%, a US$ 1.036,75 por bushel, enquanto o contrato de novembro avan\u00e7ou 0,62%, a US$ 1.054,50.&#13;\n<\/p>\n<p>Os derivados da soja tiveram desempenhos distintos: o farelo para setembro recuou 0,94%, cotado a US$ 283,60 por tonelada curta, enquanto o \u00f3leo caiu 0,54%, encerrando a US$ 51,47 por libra-peso. A valoriza\u00e7\u00e3o do gr\u00e3o foi impulsionada pela falta de chuvas no cintur\u00e3o agr\u00edcola americano, que pode comprometer a produtividade, e tamb\u00e9m por uma demanda externa que compensou a queda nas compras chinesas oficiais.<\/p>\n<p>Apesar da alta di\u00e1ria, a semana registrou queda: o contrato de soja para novembro perdeu 0,38% (-US$ 4,00\/bushel), o farelo caiu 1,7% (-US$ 4,9\/ton curta) e o \u00f3leo recuou 5,9% (-US$ 3,24\/libra-peso) nos contratos de outubro. Essa volatilidade reflete ajustes na demanda global e cortes na safra americana, mantendo o mercado atento \u00e0s oscila\u00e7\u00f5es e aos riscos clim\u00e1ticos.&#13;\n<\/p>\n<p>No acumulado do m\u00eas, a soja apresentou forte valoriza\u00e7\u00e3o de 6,6% (+US$ 65,25\/bushel), o farelo subiu 5,2% (+US$ 13,9\/ton curta), enquanto o \u00f3leo registrou queda de 4,75% (-US$ 2,60\/libra-peso). Esses resultados mostram como fatores clim\u00e1ticos e comerciais impactam de forma distinta os produtos derivados da soja, influenciando diretamente a estrat\u00e9gia de venda e armazenamento de produtores e exportadores brasileiros.<br \/>&#13;<br \/>\n\u00a0<\/p>\n<\/p><\/div>\n<p><script data-cfasync=\"false\">\n    !function (f, b, e, v, n, t, s) {\n        if (f.fbq) return; n = f.fbq = function () {\n            n.callMethod ?\n                n.callMethod.apply(n, arguments) : n.queue.push(arguments)\n        };\n        if (!f._fbq) f._fbq = n; n.push = n; n.loaded = !0; n.version = '2.0';\n        n.queue = []; t = b.createElement(e); t.async = !0;\n        t.src = v; s = b.getElementsByTagName(e)[0];\n        s.parentNode.insertBefore(t, s)\n    }(window, document, 'script',\n        'https:\/\/connect.facebook.net\/en_US\/fbevents.js');\n    fbq('init', '522546078623747');\n    fbq('track', 'PageView');\n<\/script><br \/>\n<br \/><br \/>\n<br \/><a href=\"https:\/\/www.agrolink.com.br\/noticias\/soja-fecha-agosto-em-alta-na-cbot_505478.html\">Source link <\/a><\/p>\n","protected":false},"excerpt":{"rendered":"<p>O mercado da soja em Chicago (CBOT) encerrou agosto em forte valoriza\u00e7\u00e3o, influenciado por preocupa\u00e7\u00f5es com o clima nos Estados<\/p>\n","protected":false},"author":1,"featured_media":7987,"comment_status":"open","ping_status":"open","sticky":false,"template":"","format":"standard","meta":{"_monsterinsights_skip_tracking":false,"_monsterinsights_sitenote_active":false,"_monsterinsights_sitenote_note":"","_monsterinsights_sitenote_category":0,"_uf_show_specific_survey":0,"_uf_disable_surveys":false,"footnotes":""},"categories":[8,1,14],"tags":[],"class_list":["post-19571","post","type-post","status-publish","format-standard","has-post-thumbnail","hentry","category-agro","category-news","category-politica-agro"],"_links":{"self":[{"href":"https:\/\/agromt.news\/index.php?rest_route=\/wp\/v2\/posts\/19571"}],"collection":[{"href":"https:\/\/agromt.news\/index.php?rest_route=\/wp\/v2\/posts"}],"about":[{"href":"https:\/\/agromt.news\/index.php?rest_route=\/wp\/v2\/types\/post"}],"author":[{"embeddable":true,"href":"https:\/\/agromt.news\/index.php?rest_route=\/wp\/v2\/users\/1"}],"replies":[{"embeddable":true,"href":"https:\/\/agromt.news\/index.php?rest_route=%2Fwp%2Fv2%2Fcomments&post=19571"}],"version-history":[{"count":0,"href":"https:\/\/agromt.news\/index.php?rest_route=\/wp\/v2\/posts\/19571\/revisions"}],"wp:featuredmedia":[{"embeddable":true,"href":"https:\/\/agromt.news\/index.php?rest_route=\/wp\/v2\/media\/7987"}],"wp:attachment":[{"href":"https:\/\/agromt.news\/index.php?rest_route=%2Fwp%2Fv2%2Fmedia&parent=19571"}],"wp:term":[{"taxonomy":"category","embeddable":true,"href":"https:\/\/agromt.news\/index.php?rest_route=%2Fwp%2Fv2%2Fcategories&post=19571"},{"taxonomy":"post_tag","embeddable":true,"href":"https:\/\/agromt.news\/index.php?rest_route=%2Fwp%2Fv2%2Ftags&post=19571"}],"curies":[{"name":"wp","href":"https:\/\/api.w.org\/{rel}","templated":true}]}}