{"id":19570,"date":"2025-09-02T12:30:19","date_gmt":"2025-09-02T16:30:19","guid":{"rendered":"https:\/\/agromt.news\/?p=19570"},"modified":"2025-09-02T12:30:19","modified_gmt":"2025-09-02T16:30:19","slug":"safra-de-soja-sera-desafiadora-com-custos-altos-e-precos-baixos-aponta-presidente-da-aprosoja-sp","status":"publish","type":"post","link":"https:\/\/agromt.news\/?p=19570","title":{"rendered":"&#8216;Safra de soja ser\u00e1 desafiadora, com custos altos e pre\u00e7os baixos&#8217;, aponta presidente da Aprosoja SP"},"content":{"rendered":"<p> <br \/>\n<br \/><img decoding=\"async\" src=\"https:\/\/agromt.news\/wp-content\/uploads\/2024\/11\/Plantio-da-soja-em-Rio-Verde-GO-avanca-e-atinge.jpg\" \/><\/p>\n<div>\n<p>O <a href=\"https:\/\/www.canalrural.com.br\/agricultura\/projeto-soja-brasil\/presidente-da-aprosoja-reforca-a-importancia-da-cultura-da-soja-para-o-ms-e-para-o-brasil\/\">plantio <\/a>de soja foi liberado nesta segunda-feira (1\u00ba) em \u00e1reas de <a href=\"https:\/\/www.canalrural.com.br\/agricultura\/projeto-soja-brasil\/produtores-em-campo-plantio-de-soja-e-liberado-nesta-segunda-feira-1o-em-regioes-de-sp-e-pr\/\">S\u00e3o Paulo e do Paran\u00e1<\/a>, conforme o calend\u00e1rio do vazio sanit\u00e1rio contra a ferrugem asi\u00e1tica. Produtores j\u00e1 podem iniciar a semeadura nas regi\u00f5es autorizadas. Para orientar os agricultores e destacar as expectativas da safra, o Soja Brasil ouviu os presidentes da Aprosoja nos dois estados.<\/p>\n<ul class=\"wp-block-list\">\n<li><strong><em>Fique por dentro das novidades e not\u00edcias recentes sobre a soja! Participe da nossa comunidade atrav\u00e9s do\u00a0<a href=\"https:\/\/chat.whatsapp.com\/BmMRwA0TZ2DHGyhzoaVEWu\">link<\/a>! \ud83c\udf31<\/em><\/strong><\/li>\n<\/ul>\n<h2 class=\"wp-block-heading\" id=\"h-aprosoja-sao-paulo-comenta\">Aprosoja S\u00e3o Paulo comenta<\/h2>\n<p>Em S\u00e3o Paulo, o presidente da Aprosoja, Andrey Rodrigues, refor\u00e7a a necessidade de cautela neste in\u00edcio de semeadura. \u201dGostaria de dizer a todos os produtores que avaliem bem as condi\u00e7\u00f5es e os progn\u00f3sticos clim\u00e1ticos antes da semeadura. Estamos diante de uma safra desafiadora, com pre\u00e7os baixos e custos altos\u201d, comenta.<\/p>\n<\/div>\n<div>\n<p>Ele ressalta que o momento exige aten\u00e7\u00e3o redobrada. \u201dA cautela precisa ser muito grande. Fizemos nossa parte em sustentabilidade, manejo de solos e culturas de inverno, mas viemos de safras frustrantes. N\u00e3o podemos errar novamente. O produtor est\u00e1 numa fase dif\u00edcil e precisa acertar para colher bons frutos e seguir firme na atividade\u201d, acrescenta.<\/p>\n<h2 class=\"wp-block-heading\" id=\"h-soja-no-parana\">Soja no Paran\u00e1 <\/h2>\n<p>No Paran\u00e1, o presidente Eduardo Cassiano afirma que, apesar do otimismo, h\u00e1 preocupa\u00e7\u00e3o com custos e pre\u00e7os. \u201dOlhando o clima at\u00e9 novembro, parece que n\u00e3o teremos um cen\u00e1rio t\u00e3o favor\u00e1vel neste ano. Diferente das \u00faltimas safras, o produtor est\u00e1 animado, mas, ao mesmo tempo preocupado com os pre\u00e7os. Os custos subiram entre 6% e 8%, principalmente pelos insumos\u201d, avalia.<\/p>\n<p>Segundo ele, a perspectiva de pre\u00e7o n\u00e3o \u00e9 favor\u00e1vel e isso segurou parte dos investimentos.<br \/>\u201cMas o plantio come\u00e7a e esperamos que a produtividade nos ajude. J\u00e1 iniciamos a primeira regi\u00e3o do Paran\u00e1, no dia 10 come\u00e7a a segunda e, no fim do m\u00eas, a terceira. Agora \u00e9 torcer para que tudo corra bem e tenhamos uma boa safra\u201d, afirma.<\/p>\n<\/p><\/div>\n<p><br \/>\n<br \/><a href=\"https:\/\/www.canalrural.com.br\/agricultura\/projeto-soja-brasil\/safra-de-soja-sera-desafiadora-com-custos-altos-e-precos-baixos-aponta-presidente-da-aprosoja-sp\/\">Source link <\/a><\/p>\n","protected":false},"excerpt":{"rendered":"<p>O plantio de soja foi liberado nesta segunda-feira (1\u00ba) em \u00e1reas de S\u00e3o Paulo e do Paran\u00e1, conforme o calend\u00e1rio<\/p>\n","protected":false},"author":1,"featured_media":4436,"comment_status":"open","ping_status":"open","sticky":false,"template":"","format":"standard","meta":{"_monsterinsights_skip_tracking":false,"_monsterinsights_sitenote_active":false,"_monsterinsights_sitenote_note":"","_monsterinsights_sitenote_category":0,"_uf_show_specific_survey":0,"_uf_disable_surveys":false,"footnotes":""},"categories":[1],"tags":[],"class_list":["post-19570","post","type-post","status-publish","format-standard","has-post-thumbnail","hentry","category-news"],"_links":{"self":[{"href":"https:\/\/agromt.news\/index.php?rest_route=\/wp\/v2\/posts\/19570"}],"collection":[{"href":"https:\/\/agromt.news\/index.php?rest_route=\/wp\/v2\/posts"}],"about":[{"href":"https:\/\/agromt.news\/index.php?rest_route=\/wp\/v2\/types\/post"}],"author":[{"embeddable":true,"href":"https:\/\/agromt.news\/index.php?rest_route=\/wp\/v2\/users\/1"}],"replies":[{"embeddable":true,"href":"https:\/\/agromt.news\/index.php?rest_route=%2Fwp%2Fv2%2Fcomments&post=19570"}],"version-history":[{"count":0,"href":"https:\/\/agromt.news\/index.php?rest_route=\/wp\/v2\/posts\/19570\/revisions"}],"wp:featuredmedia":[{"embeddable":true,"href":"https:\/\/agromt.news\/index.php?rest_route=\/wp\/v2\/media\/4436"}],"wp:attachment":[{"href":"https:\/\/agromt.news\/index.php?rest_route=%2Fwp%2Fv2%2Fmedia&parent=19570"}],"wp:term":[{"taxonomy":"category","embeddable":true,"href":"https:\/\/agromt.news\/index.php?rest_route=%2Fwp%2Fv2%2Fcategories&post=19570"},{"taxonomy":"post_tag","embeddable":true,"href":"https:\/\/agromt.news\/index.php?rest_route=%2Fwp%2Fv2%2Ftags&post=19570"}],"curies":[{"name":"wp","href":"https:\/\/api.w.org\/{rel}","templated":true}]}}