{"id":19567,"date":"2025-09-02T11:58:51","date_gmt":"2025-09-02T15:58:51","guid":{"rendered":"https:\/\/agromt.news\/?p=19567"},"modified":"2025-09-02T11:58:51","modified_gmt":"2025-09-02T15:58:51","slug":"colheita-de-trigo-inicia-na-regiao-sul-mas-negocios-seguem-lentos","status":"publish","type":"post","link":"https:\/\/agromt.news\/?p=19567","title":{"rendered":"Colheita de trigo inicia na regi\u00e3o Sul, mas neg\u00f3cios seguem lentos"},"content":{"rendered":"<p> <br \/>\n<br \/><img decoding=\"async\" src=\"https:\/\/agromt.news\/wp-content\/uploads\/2025\/09\/Colheita-de-trigo-inicia-na-regiao-Sul-mas-negocios-seguem.jpg\" \/><\/p>\n<div>\n<p>Com moinhos abastecidos, as negocia\u00e7\u00f5es de trigo em gr\u00e3o seguem limitadas, apontam os levantamentos\u00a0 do <a href=\"https:\/\/www.canalrural.com.br\/tag\/cepea\/\">Centro de Estudos Avan\u00e7ados em Economia Aplicada (Cepea).\u00a0<\/a><\/p>\n<p>Segundo o instituto, vendedores est\u00e3o focados no desenvolvimento da safra, nos trabalhos de campo e tamb\u00e9m no in\u00edcio da colheita no Sul do Brasil. Aqueles com necessidade imediata acabam cedendo nos valores pedidos, enquanto moageiras bem estocadas ofertam pre\u00e7os ainda menores.\u00a0<\/p>\n<p>Al\u00e9m disso, a proximidade da entrada de maior volume da safra 2025, as boas expectativas de produtividade, a taxa cambial em patamares mais baixos e a ampla oferta mundial refor\u00e7am a press\u00e3o sobre as cota\u00e7\u00f5es internas.\u00a0<\/p>\n<\/div>\n<div>\n<p>Em agosto de 2025, a m\u00e9dia mensal no Rio Grande do Sul foi de R$ 1.291,08\/tonelada, quedas de 2% frente a julho\/25 e de 12,2% em rela\u00e7\u00e3o a agosto\/24, em termos reais (deflacionamento pelo IGP-DI).<\/p>\n<p>No Paran\u00e1, a m\u00e9dia foi de R$ 1.433,50\/t, baixa de 2,9% no comparativo mensal e de 9,4% no anual. Em S\u00e3o Paulo, os recuos foram de 4,6% e 12,6%, respectivamente, com m\u00e9dia de R$ 1.431,12\/t em agosto\/25.\u00a0<\/p>\n<p>Em Santa Catarina, a cota\u00e7\u00e3o m\u00e9dia foi de R$ 1.432,41\/t, retra\u00e7\u00f5es de 0,6% e 7,6%, nesta mesma ordem.<\/p>\n<p><em>*Sob supervis\u00e3o de Luis Roberto Toledo<\/em><\/p>\n<\/p><\/div>\n<p><br \/>\n<br \/><a href=\"https:\/\/www.canalrural.com.br\/agricultura\/colheita-de-trigo-inicia-na-regiao-sul-mas-negocios-seguem-lentos\/\">Source link <\/a><\/p>\n","protected":false},"excerpt":{"rendered":"<p>Com moinhos abastecidos, as negocia\u00e7\u00f5es de trigo em gr\u00e3o seguem limitadas, apontam os levantamentos\u00a0 do Centro de Estudos Avan\u00e7ados em<\/p>\n","protected":false},"author":1,"featured_media":19568,"comment_status":"open","ping_status":"open","sticky":false,"template":"","format":"standard","meta":{"_monsterinsights_skip_tracking":false,"_monsterinsights_sitenote_active":false,"_monsterinsights_sitenote_note":"","_monsterinsights_sitenote_category":0,"_uf_show_specific_survey":0,"_uf_disable_surveys":false,"footnotes":""},"categories":[1],"tags":[],"class_list":["post-19567","post","type-post","status-publish","format-standard","has-post-thumbnail","hentry","category-news"],"_links":{"self":[{"href":"https:\/\/agromt.news\/index.php?rest_route=\/wp\/v2\/posts\/19567"}],"collection":[{"href":"https:\/\/agromt.news\/index.php?rest_route=\/wp\/v2\/posts"}],"about":[{"href":"https:\/\/agromt.news\/index.php?rest_route=\/wp\/v2\/types\/post"}],"author":[{"embeddable":true,"href":"https:\/\/agromt.news\/index.php?rest_route=\/wp\/v2\/users\/1"}],"replies":[{"embeddable":true,"href":"https:\/\/agromt.news\/index.php?rest_route=%2Fwp%2Fv2%2Fcomments&post=19567"}],"version-history":[{"count":0,"href":"https:\/\/agromt.news\/index.php?rest_route=\/wp\/v2\/posts\/19567\/revisions"}],"wp:featuredmedia":[{"embeddable":true,"href":"https:\/\/agromt.news\/index.php?rest_route=\/wp\/v2\/media\/19568"}],"wp:attachment":[{"href":"https:\/\/agromt.news\/index.php?rest_route=%2Fwp%2Fv2%2Fmedia&parent=19567"}],"wp:term":[{"taxonomy":"category","embeddable":true,"href":"https:\/\/agromt.news\/index.php?rest_route=%2Fwp%2Fv2%2Fcategories&post=19567"},{"taxonomy":"post_tag","embeddable":true,"href":"https:\/\/agromt.news\/index.php?rest_route=%2Fwp%2Fv2%2Ftags&post=19567"}],"curies":[{"name":"wp","href":"https:\/\/api.w.org\/{rel}","templated":true}]}}