{"id":19566,"date":"2025-09-02T11:43:16","date_gmt":"2025-09-02T15:43:16","guid":{"rendered":"https:\/\/agromt.news\/?p=19566"},"modified":"2025-09-02T11:43:16","modified_gmt":"2025-09-02T15:43:16","slug":"cotacoes-do-acucar-encerram-agosto-em-queda","status":"publish","type":"post","link":"https:\/\/agromt.news\/?p=19566","title":{"rendered":"Cota\u00e7\u00f5es do a\u00e7\u00facar encerram agosto em queda"},"content":{"rendered":"<p> <br \/>\n<br \/><img decoding=\"async\" src=\"https:\/\/agromt.news\/wp-content\/uploads\/2025\/06\/Levantamento-aponta-custos-da-producao-de-gado-cafe-e-cana-de-acucar.jpg\" \/><\/p>\n<div>\n<p>Os pre\u00e7os do a\u00e7\u00facar cristal encerraram agosto em queda no mercado spot de S\u00e3o Paulo. \u00c9 isso o que apontam os levantamentos do <a href=\"https:\/\/www.canalrural.com.br\/tag\/cepea\/\">Centro de Estudos Avan\u00e7ados em Economia Aplicada (Cepea).\u00a0<\/a><\/p>\n<p>Entre 25 e 29 de agosto, a m\u00e9dia do Indicador Cepea\/Esalq, cor Icumsa de 130 a 180, foi de R$ 118,69\/saca de 50 kg. O valor representa baixa de 1,56% em rela\u00e7\u00e3o \u00e0 verificada no intervalo anterior.\u00a0<\/p>\n<p>Pesquisadores explicam que o recuo das cota\u00e7\u00f5es foi atribu\u00eddo \u00e0 menor movimenta\u00e7\u00e3o no mercado. Houve pequena presen\u00e7a de compradores interessados em negocia\u00e7\u00f5es do cristal para pronta-entrega.\u00a0<\/p>\n<\/div>\n<div>\n<p>De fato, a liquidez captada pelo Cepea caiu 47% na \u00faltima semana em compara\u00e7\u00e3o com a anterior.\u00a0<\/p>\n<p>Dados da Unica mostram que, na primeira quinzena de agosto, a regi\u00e3o Centro-Sul produziu 3,615 milh\u00f5es de toneladas de a\u00e7\u00facar, avan\u00e7o de 15,96% frente ao mesmo per\u00edodo de 2024. O mix de produ\u00e7\u00e3o esteve significativamente mais a\u00e7ucareiro, com 55% da cana direcionada ao a\u00e7\u00facar.<\/p>\n<p><em>*Sob supervis\u00e3o de Luis Roberto Toledo<\/em><\/p>\n<\/p><\/div>\n<p><br \/>\n<br \/><a href=\"https:\/\/www.canalrural.com.br\/agricultura\/cotacoes-do-acucar-encerram-agosto-em-queda\/\">Source link <\/a><\/p>\n","protected":false},"excerpt":{"rendered":"<p>Os pre\u00e7os do a\u00e7\u00facar cristal encerraram agosto em queda no mercado spot de S\u00e3o Paulo. \u00c9 isso o que apontam<\/p>\n","protected":false},"author":1,"featured_media":14797,"comment_status":"open","ping_status":"open","sticky":false,"template":"","format":"standard","meta":{"_monsterinsights_skip_tracking":false,"_monsterinsights_sitenote_active":false,"_monsterinsights_sitenote_note":"","_monsterinsights_sitenote_category":0,"_uf_show_specific_survey":0,"_uf_disable_surveys":false,"footnotes":""},"categories":[1],"tags":[],"class_list":["post-19566","post","type-post","status-publish","format-standard","has-post-thumbnail","hentry","category-news"],"_links":{"self":[{"href":"https:\/\/agromt.news\/index.php?rest_route=\/wp\/v2\/posts\/19566"}],"collection":[{"href":"https:\/\/agromt.news\/index.php?rest_route=\/wp\/v2\/posts"}],"about":[{"href":"https:\/\/agromt.news\/index.php?rest_route=\/wp\/v2\/types\/post"}],"author":[{"embeddable":true,"href":"https:\/\/agromt.news\/index.php?rest_route=\/wp\/v2\/users\/1"}],"replies":[{"embeddable":true,"href":"https:\/\/agromt.news\/index.php?rest_route=%2Fwp%2Fv2%2Fcomments&post=19566"}],"version-history":[{"count":0,"href":"https:\/\/agromt.news\/index.php?rest_route=\/wp\/v2\/posts\/19566\/revisions"}],"wp:featuredmedia":[{"embeddable":true,"href":"https:\/\/agromt.news\/index.php?rest_route=\/wp\/v2\/media\/14797"}],"wp:attachment":[{"href":"https:\/\/agromt.news\/index.php?rest_route=%2Fwp%2Fv2%2Fmedia&parent=19566"}],"wp:term":[{"taxonomy":"category","embeddable":true,"href":"https:\/\/agromt.news\/index.php?rest_route=%2Fwp%2Fv2%2Fcategories&post=19566"},{"taxonomy":"post_tag","embeddable":true,"href":"https:\/\/agromt.news\/index.php?rest_route=%2Fwp%2Fv2%2Ftags&post=19566"}],"curies":[{"name":"wp","href":"https:\/\/api.w.org\/{rel}","templated":true}]}}