{"id":19564,"date":"2025-09-02T11:28:20","date_gmt":"2025-09-02T15:28:20","guid":{"rendered":"https:\/\/agromt.news\/?p=19564"},"modified":"2025-09-02T11:28:20","modified_gmt":"2025-09-02T15:28:20","slug":"governo-publica-regras-para-prevencao-de-incendio-florestal-em-propriedade-rural","status":"publish","type":"post","link":"https:\/\/agromt.news\/?p=19564","title":{"rendered":"Governo publica regras para preven\u00e7\u00e3o de inc\u00eandio florestal em propriedade rural"},"content":{"rendered":"<p> <br \/>\n<br \/><img decoding=\"async\" src=\"https:\/\/agromt.news\/wp-content\/uploads\/2025\/09\/Governo-publica-regras-para-prevencao-de-incendio-florestal-em-propriedade.jpg\" \/><\/p>\n<div>\n<p>O governo federal definiu as regras para implementa\u00e7\u00e3o de medidas preventivas a inc\u00eandios florestais em propriedades rurais. Entre elas, prev\u00ea a proibi\u00e7\u00e3o do uso do fogo em pastagens, \u00e1reas agr\u00edcolas ou \u00e1reas de manejo florestal sem autoriza\u00e7\u00e3o pr\u00e9via e formal do \u00f3rg\u00e3o ambiental. <\/p>\n<p>As regras foram aprovadas pelo Comit\u00ea Nacional de Manejo Integrado do Fogo, vinculado ao Minist\u00e9rio do Meio Ambiente, e publicadas em resolu\u00e7\u00e3o no <i>Di\u00e1rio Oficial da Uni\u00e3o<\/i> desta segunda-feira, 1\u00ba de setembro. A medida ocorre ap\u00f3s o recorde de inc\u00eandios florestais registrado no ano passado em meio \u00e0 seca nas regi\u00f5es Centro-Oeste e Sudeste do pa\u00eds.<\/p>\n<p>O objetivo das medidas \u00e9 de reduzir as a\u00e7\u00f5es irregulares ou ilegais que possam causar inc\u00eandios florestais, reduzir a ocorr\u00eancia de grandes inc\u00eandios florestais, formar e mobilizar ambientes e resilientes ao inc\u00eandios florestais e incentivar planejamentos e a\u00e7\u00f5es conjuntas entre propriet\u00e1rios rurais para compartilhamento de equipamentos, ve\u00edculos, aeronaves e brigadistas ao combate de inc\u00eandios florestais, segundo a resolu\u00e7\u00e3o.<\/p>\n<p>A elabora\u00e7\u00e3o de aceiros, faixas sem vegeta\u00e7\u00e3o que funcionam como barreiras para evitar a propaga\u00e7\u00e3o dos inc\u00eandios florestais, bem como de queima controlada para fragmenta\u00e7\u00e3o do combust\u00edvel, tamb\u00e9m estar\u00e3o sujeitas \u00e0 orienta\u00e7\u00e3o t\u00e9cnica e autoriza\u00e7\u00e3o do \u00f3rg\u00e3o ambiental.<\/p>\n<p>A resolu\u00e7\u00e3o determina como medida preventiva o uso de sistemas e dispositivos de monitoramento, comunica\u00e7\u00e3o e alerta para acionamento de brigadas locais particulares ou dos Corpos de Bombeiros Militares.<\/p>\n<\/div>\n<div>\n<p>As regras preveem ainda o uso de aeronaves adaptadas para transporte e lan\u00e7amento de \u00e1gua para combate ao inc\u00eandio florestal, a manuten\u00e7\u00e3o peri\u00f3dica de m\u00e1quinas e equipamentos agr\u00edcolas e o uso de reservat\u00f3rio natural ou artificial de \u00e1gua e bomba com capacidade para abastecimento de equipamento, ve\u00edculo ou aeronave de transporte e lan\u00e7amento de \u00e1gua para combate a inc\u00eandio florestal.<\/p>\n<p>Todos im\u00f3veis rurais, \u00e0 exce\u00e7\u00e3o de agricultores familiares, dever\u00e3o elaborar e implementar as medidas da Pol\u00edtica Nacional de Manejo Integrado do Fogo (PMIF) ou do Plano Operativo de Preven\u00e7\u00e3o e Combate a Inc\u00eandios Florestais.<\/p>\n<p>De acordo com a resolu\u00e7\u00e3o, produtores rurais ter\u00e3o o prazo de dois anos para se adequar e cumprir as novas regras. O cumprimento das medidas da Pol\u00edtica Nacional de Manejo Integrado do Fogo (PMIF) ,servir\u00e1 como atenuante para poss\u00edveis penas a produtores rurais em decorr\u00eancia de inc\u00eandios florestais. A resolu\u00e7\u00e3o entra em vigor na pr\u00f3xima segunda-feira.<\/p>\n<\/p><\/div>\n<p><br \/>\n<br \/><a href=\"https:\/\/www.canalrural.com.br\/nacional\/governo-publica-regras-para-prevencao-de-incendio-florestal-em-propriedade-rural\/\">Source link <\/a><\/p>\n","protected":false},"excerpt":{"rendered":"<p>O governo federal definiu as regras para implementa\u00e7\u00e3o de medidas preventivas a inc\u00eandios florestais em propriedades rurais. Entre elas, prev\u00ea<\/p>\n","protected":false},"author":1,"featured_media":19565,"comment_status":"open","ping_status":"open","sticky":false,"template":"","format":"standard","meta":{"_monsterinsights_skip_tracking":false,"_monsterinsights_sitenote_active":false,"_monsterinsights_sitenote_note":"","_monsterinsights_sitenote_category":0,"_uf_show_specific_survey":0,"_uf_disable_surveys":false,"footnotes":""},"categories":[1],"tags":[],"class_list":["post-19564","post","type-post","status-publish","format-standard","has-post-thumbnail","hentry","category-news"],"_links":{"self":[{"href":"https:\/\/agromt.news\/index.php?rest_route=\/wp\/v2\/posts\/19564"}],"collection":[{"href":"https:\/\/agromt.news\/index.php?rest_route=\/wp\/v2\/posts"}],"about":[{"href":"https:\/\/agromt.news\/index.php?rest_route=\/wp\/v2\/types\/post"}],"author":[{"embeddable":true,"href":"https:\/\/agromt.news\/index.php?rest_route=\/wp\/v2\/users\/1"}],"replies":[{"embeddable":true,"href":"https:\/\/agromt.news\/index.php?rest_route=%2Fwp%2Fv2%2Fcomments&post=19564"}],"version-history":[{"count":0,"href":"https:\/\/agromt.news\/index.php?rest_route=\/wp\/v2\/posts\/19564\/revisions"}],"wp:featuredmedia":[{"embeddable":true,"href":"https:\/\/agromt.news\/index.php?rest_route=\/wp\/v2\/media\/19565"}],"wp:attachment":[{"href":"https:\/\/agromt.news\/index.php?rest_route=%2Fwp%2Fv2%2Fmedia&parent=19564"}],"wp:term":[{"taxonomy":"category","embeddable":true,"href":"https:\/\/agromt.news\/index.php?rest_route=%2Fwp%2Fv2%2Fcategories&post=19564"},{"taxonomy":"post_tag","embeddable":true,"href":"https:\/\/agromt.news\/index.php?rest_route=%2Fwp%2Fv2%2Ftags&post=19564"}],"curies":[{"name":"wp","href":"https:\/\/api.w.org\/{rel}","templated":true}]}}