{"id":19563,"date":"2025-09-02T11:14:23","date_gmt":"2025-09-02T15:14:23","guid":{"rendered":"https:\/\/agromt.news\/?p=19563"},"modified":"2025-09-02T11:14:23","modified_gmt":"2025-09-02T15:14:23","slug":"em-movimento-atipico-etanol-valoriza-em-agosto-pelo-segundo-ano-consecutivo","status":"publish","type":"post","link":"https:\/\/agromt.news\/?p=19563","title":{"rendered":"Em movimento at\u00edpico, etanol valoriza em agosto pelo segundo ano consecutivo"},"content":{"rendered":"<p> <br \/>\n<br \/><img decoding=\"async\" src=\"https:\/\/agromt.news\/wp-content\/uploads\/2025\/07\/com-baixa-liquidez-precos-caem.jpg\" \/><\/p>\n<div>\n<p>A cota\u00e7\u00e3o m\u00e9dia do etanol hidratado no mercado paulista subiu em agosto pelo segundo ano consecutivo. \u00c9 isso o que apontam os levantamentos do <a href=\"https:\/\/www.canalrural.com.br\/tag\/cepea\/\">Centro de Estudos Avan\u00e7ados em Economia Aplicada (Cepea).\u00a0<\/a><\/p>\n<p>Pesquisadores explicam que o comportamento \u00e9 at\u00edpico para o per\u00edodo, considerado por usinas do Centro-Sul como de pico de colheita e, consequentemente, de queda de pre\u00e7os no spot.<\/p>\n<p>Dados mensais do Cepea, iniciados em 1999, mostram que, em 11 temporadas, o valor do combust\u00edvel cedeu de julho para agosto. Segundo o Centro de Pesquisas, na atual temporada (2025\/26), o suporte aos pre\u00e7os vem da menor oferta.\u00a0<\/p>\n<\/div>\n<div>\n<p>As adversidades enfrentadas pela ind\u00fastria na produ\u00e7\u00e3o de etanol, devido ao baixo rendimento agr\u00edcola, \u00e0s queimadas dos canaviais do ano passado e ao clima seco nas principais regi\u00f5es produtoras, t\u00eam resultado em menor oferta de cana-de-a\u00e7\u00facar.\u00a0<\/p>\n<p>No fechamento de agosto de 2025, o Indicador Cepea\/Esalq do etanol hidratado teve m\u00e9dia de R$ 2,6716\/litro, alta de 4,02% em rela\u00e7\u00e3o ao m\u00eas anterior. Para o anidro (modalidade spot e contratos), a m\u00e9dia foi de R$ 2,9713\/litro, aumento de 3,08% em igual compara\u00e7\u00e3o.<\/p>\n<p><em>*Sob supervis\u00e3o de Luis Roberto Toledo<\/em><\/p>\n<\/p><\/div>\n<p><br \/>\n<br \/><a href=\"https:\/\/www.canalrural.com.br\/agricultura\/em-movimento-atipico-etanol-valoriza-em-agosto-pelo-segundo-ano-consecutivo\/\">Source link <\/a><\/p>\n","protected":false},"excerpt":{"rendered":"<p>A cota\u00e7\u00e3o m\u00e9dia do etanol hidratado no mercado paulista subiu em agosto pelo segundo ano consecutivo. \u00c9 isso o que<\/p>\n","protected":false},"author":1,"featured_media":17197,"comment_status":"open","ping_status":"open","sticky":false,"template":"","format":"standard","meta":{"_monsterinsights_skip_tracking":false,"_monsterinsights_sitenote_active":false,"_monsterinsights_sitenote_note":"","_monsterinsights_sitenote_category":0,"_uf_show_specific_survey":0,"_uf_disable_surveys":false,"footnotes":""},"categories":[1],"tags":[],"class_list":["post-19563","post","type-post","status-publish","format-standard","has-post-thumbnail","hentry","category-news"],"_links":{"self":[{"href":"https:\/\/agromt.news\/index.php?rest_route=\/wp\/v2\/posts\/19563"}],"collection":[{"href":"https:\/\/agromt.news\/index.php?rest_route=\/wp\/v2\/posts"}],"about":[{"href":"https:\/\/agromt.news\/index.php?rest_route=\/wp\/v2\/types\/post"}],"author":[{"embeddable":true,"href":"https:\/\/agromt.news\/index.php?rest_route=\/wp\/v2\/users\/1"}],"replies":[{"embeddable":true,"href":"https:\/\/agromt.news\/index.php?rest_route=%2Fwp%2Fv2%2Fcomments&post=19563"}],"version-history":[{"count":0,"href":"https:\/\/agromt.news\/index.php?rest_route=\/wp\/v2\/posts\/19563\/revisions"}],"wp:featuredmedia":[{"embeddable":true,"href":"https:\/\/agromt.news\/index.php?rest_route=\/wp\/v2\/media\/17197"}],"wp:attachment":[{"href":"https:\/\/agromt.news\/index.php?rest_route=%2Fwp%2Fv2%2Fmedia&parent=19563"}],"wp:term":[{"taxonomy":"category","embeddable":true,"href":"https:\/\/agromt.news\/index.php?rest_route=%2Fwp%2Fv2%2Fcategories&post=19563"},{"taxonomy":"post_tag","embeddable":true,"href":"https:\/\/agromt.news\/index.php?rest_route=%2Fwp%2Fv2%2Ftags&post=19563"}],"curies":[{"name":"wp","href":"https:\/\/api.w.org\/{rel}","templated":true}]}}