{"id":19562,"date":"2025-09-02T10:57:46","date_gmt":"2025-09-02T14:57:46","guid":{"rendered":"https:\/\/agromt.news\/?p=19562"},"modified":"2025-09-02T10:57:46","modified_gmt":"2025-09-02T14:57:46","slug":"governo-publica-mp-com-credito-extraordinario-de-r-30-bilhoes-para-medidas-contra-o-tarifaco","status":"publish","type":"post","link":"https:\/\/agromt.news\/?p=19562","title":{"rendered":"Governo publica MP com cr\u00e9dito extraordin\u00e1rio de R$ 30 bilh\u00f5es para medidas contra o tarifa\u00e7o"},"content":{"rendered":"<p> <br \/>\n<br \/><img decoding=\"async\" src=\"https:\/\/agromt.news\/wp-content\/uploads\/2025\/01\/Governo-sanciona-programa-para-renegociacao-de-dividas-estaduais.jpg\" \/><\/p>\n<div>\n<p>O presidente Luiz In\u00e1cio Lula da Silva publicou a Medida Provis\u00f3ria 1.310 com R$ 30 bilh\u00f5es em cr\u00e9dito extraordin\u00e1rio \u2013 fora da meta fiscal \u2013 para bancar as medidas de cr\u00e9dito do \u201cPlano Brasil Soberano\u201d de apoio a empresas afetadas pelas tarifas de 50% dos Estados Unidos sobre produtos brasileiros. <\/p>\n<\/div>\n<div>\n<p>O <i>Di\u00e1rio Oficial da Uni\u00e3o (DOU)<\/i> tamb\u00e9m traz outras duas MPs com cr\u00e9dito extraordin\u00e1rio. Uma delas destina R$ 30,590 milh\u00f5es ao Minist\u00e9rio do Desenvolvimento e Assist\u00eancia Social para inclus\u00e3o produtiva rural e distribui\u00e7\u00e3o de alimentos a grupos populacionais tradicionais e fam\u00edlias em situa\u00e7\u00e3o de inseguran\u00e7a alimentar e nutricional advindas de situa\u00e7\u00f5es de emerg\u00eancia ou calamidade p\u00fablica.<\/p>\n<p>Outra MP destina R$ 83,5 milh\u00f5es ao Minist\u00e9rio da Agricultura e Pecu\u00e1ria para fortalecimento do Sistema Unificado de Aten\u00e7\u00e3o \u00e0 Sanidade Agropecu\u00e1ria (Suasa).<\/p>\n<\/p><\/div>\n<p><br \/>\n<br \/><a href=\"https:\/\/www.canalrural.com.br\/nacional\/governo-publica-mp-com-credito-extraordinario-de-r-30-bilhoes-para-medidas-antitarifaco\/\">Source link <\/a><\/p>\n","protected":false},"excerpt":{"rendered":"<p>O presidente Luiz In\u00e1cio Lula da Silva publicou a Medida Provis\u00f3ria 1.310 com R$ 30 bilh\u00f5es em cr\u00e9dito extraordin\u00e1rio \u2013<\/p>\n","protected":false},"author":1,"featured_media":7947,"comment_status":"open","ping_status":"open","sticky":false,"template":"","format":"standard","meta":{"_monsterinsights_skip_tracking":false,"_monsterinsights_sitenote_active":false,"_monsterinsights_sitenote_note":"","_monsterinsights_sitenote_category":0,"_uf_show_specific_survey":0,"_uf_disable_surveys":false,"footnotes":""},"categories":[1],"tags":[],"class_list":["post-19562","post","type-post","status-publish","format-standard","has-post-thumbnail","hentry","category-news"],"_links":{"self":[{"href":"https:\/\/agromt.news\/index.php?rest_route=\/wp\/v2\/posts\/19562"}],"collection":[{"href":"https:\/\/agromt.news\/index.php?rest_route=\/wp\/v2\/posts"}],"about":[{"href":"https:\/\/agromt.news\/index.php?rest_route=\/wp\/v2\/types\/post"}],"author":[{"embeddable":true,"href":"https:\/\/agromt.news\/index.php?rest_route=\/wp\/v2\/users\/1"}],"replies":[{"embeddable":true,"href":"https:\/\/agromt.news\/index.php?rest_route=%2Fwp%2Fv2%2Fcomments&post=19562"}],"version-history":[{"count":0,"href":"https:\/\/agromt.news\/index.php?rest_route=\/wp\/v2\/posts\/19562\/revisions"}],"wp:featuredmedia":[{"embeddable":true,"href":"https:\/\/agromt.news\/index.php?rest_route=\/wp\/v2\/media\/7947"}],"wp:attachment":[{"href":"https:\/\/agromt.news\/index.php?rest_route=%2Fwp%2Fv2%2Fmedia&parent=19562"}],"wp:term":[{"taxonomy":"category","embeddable":true,"href":"https:\/\/agromt.news\/index.php?rest_route=%2Fwp%2Fv2%2Fcategories&post=19562"},{"taxonomy":"post_tag","embeddable":true,"href":"https:\/\/agromt.news\/index.php?rest_route=%2Fwp%2Fv2%2Ftags&post=19562"}],"curies":[{"name":"wp","href":"https:\/\/api.w.org\/{rel}","templated":true}]}}