{"id":19557,"date":"2025-09-02T10:30:06","date_gmt":"2025-09-02T14:30:06","guid":{"rendered":"https:\/\/agromt.news\/?p=19557"},"modified":"2025-09-02T10:30:06","modified_gmt":"2025-09-02T14:30:06","slug":"programa-de-compra-de-arroz-do-governo-nao-atende-as-necessidades-do-produtor","status":"publish","type":"post","link":"https:\/\/agromt.news\/?p=19557","title":{"rendered":"Programa de compra de arroz do governo n\u00e3o atende as necessidades do produtor"},"content":{"rendered":"<p> <br \/>\n<\/p>\n<div>\n<figure><img decoding=\"async\" src=\"https:\/\/agromt.news\/wp-content\/uploads\/2025\/02\/Exportacoes-de-arroz-devem-crescer-nos-proximos-anos-projeta-diretora.jpg\" alt=\"gr\u00e3os de arroz\" \/><figcaption>Foto: Marcello Casal Jr.\/Ag\u00eancia Brasil<\/figcaption><\/figure>\n<\/div>\n<p>A Companhia Nacional de Abastecimento (Conab) anunciou a destina\u00e7\u00e3o de R$ 300 milh\u00f5es para opera\u00e7\u00f5es de Contratos de Op\u00e7\u00e3o de Venda (COV) de arroz, mecanismo que garante ao produtor o direito de vender ao governo a um pre\u00e7o previamente definido.<\/p>\n<p>Segundo o \u00f3rg\u00e3o, o programa pretende contratar cerca de 200 mil toneladas de arroz. Essa \u00e9 a terceira rodada de COV em menos de um ano:<\/p>\n<ul class=\"wp-block-list\">\n<li>Na primeira, foram negociadas 91,7 mil toneladas;<\/li>\n<li>Na segunda, aproximadamente 110 mil toneladas, com pre\u00e7o m\u00e9dio em torno de R$ 74 por saca de 50 kg;<\/li>\n<li>Agora, a meta \u00e9 dobrar o volume, alcan\u00e7ando as 200 mil toneladas.<\/li>\n<\/ul>\n<h2 class=\"wp-block-heading\" id=\"h-o-contraponto-dos-produtores\">O contraponto dos produtores<\/h2>\n<p>Para os rizicultores, o valor n\u00e3o cobre o custo real de produ\u00e7\u00e3o. Dados da Federa\u00e7\u00e3o das Associa\u00e7\u00f5es de Arrozeiros do Rio Grande do Sul (Federarroz) apontam que o custo m\u00e9dio do arroz gira entre R$ 85 e R$ 92 por saca, dependendo da regi\u00e3o. Ou seja, o pre\u00e7o praticado nos leil\u00f5es representa uma perda entre R$ 11 e R$ 18 por saca para o produtor.<\/p>\n<h2 class=\"wp-block-heading\" id=\"h-alem-disso\">Al\u00e9m disso:<\/h2>\n<p>O setor ainda sofre os impactos das enchentes de 2024, que elevaram o passivo dos agricultores ga\u00fachos, respons\u00e1veis por cerca de 70% da produ\u00e7\u00e3o nacional.<\/p>\n<p>Muitos est\u00e3o descapitalizados, com d\u00edvidas que, em alguns casos, cresceram mais de 30% em um ano.<\/p>\n<p>O temor \u00e9 que, ao formar estoques, o governo repita o passado: quando os pre\u00e7os reagirem, poder\u00e1 liberar produto armazenado, derrubando novamente o mercado.<\/p>\n<p>O sentimento \u00e9 de des\u00e2nimo generalizado. \u201cVai ser a maior crise do agro da hist\u00f3ria\u201d, resumiu um representante da Uni\u00e3o Central de Rizicultores (UCR).<\/p>\n<p>Do ponto de vista governamental, a estrat\u00e9gia \u00e9 conter a press\u00e3o sobre o pre\u00e7o do arroz, item central da cesta b\u00e1sica. O risco, por\u00e9m, \u00e9 transferir a conta para o campo.<\/p>\n<p>Historicamente, a forma\u00e7\u00e3o de estoques reguladores garantiu estabilidade ao consumidor, mas gerou frustra\u00e7\u00f5es no produtor. Hoje, com custos m\u00e9dios acima de R$ 90 por saca e pre\u00e7os de mercado em torno de R$ 70 a R$ 75, a margem negativa s\u00f3 tende a aumentar.<\/p>\n<p>A dificuldade n\u00e3o se restringe ao arroz. A soja, carro-chefe do agro, tamb\u00e9m vive press\u00e3o:<\/p>\n<p>O pre\u00e7o m\u00e9dio em agosto de 2025 recuou para cerca de R$ 120 por saca, contra custos estimados entre R$ 115 e R$ 125;<\/p>\n<p>Muitos produtores que arrendam terras, pagando valores contratados na fase de pre\u00e7os recordes, agora operam no limite do preju\u00edzo.<\/p>\n<p>Esse quadro aprofunda o endividamento. O cr\u00e9dito rural para a safra 2024\/25 j\u00e1 registrava aumento da inadimpl\u00eancia acima de 20% em algumas linhas, segundo o Banco Central.<\/p>\n<h2 class=\"wp-block-heading\" id=\"h-o-impasse-e-claro\">O impasse \u00e9 claro:<\/h2>\n<ul class=\"wp-block-list\">\n<li>Para o governo, os R$ 300 milh\u00f5es em COVs representam um seguro contra a alta do arroz no consumidor.<\/li>\n<li>Para o campo, o programa n\u00e3o cobre custos, amplia o risco de endividamento e amea\u00e7a a viabilidade da produ\u00e7\u00e3o.<\/li>\n<\/ul>\n<p>Se nada mudar, o Brasil pode atravessar uma das maiores crises do agro moderno, n\u00e3o apenas pela press\u00e3o de pre\u00e7os, mas pela falta de instrumentos estruturais: seguro rural robusto, cr\u00e9dito de capital de giro, renegocia\u00e7\u00e3o de d\u00edvidas e incentivo \u00e0 agrega\u00e7\u00e3o de valor.<\/p>\n<p>Enquanto a Conab forma estoques, os produtores se perguntam: ser\u00e1 este mais um cap\u00edtulo de repeti\u00e7\u00e3o dos erros do passado?<\/p>\n<div class=\"wp-block-media-text is-stacked-on-mobile\">\n<figure class=\"wp-block-media-text__media\"><img fetchpriority=\"high\" decoding=\"async\" width=\"683\" height=\"1024\" src=\"https:\/\/agromt.news\/wp-content\/uploads\/2025\/09\/Programa-de-compra-de-arroz-do-governo-nao-atende-as.jpg\" alt=\"Miguel Daoud\" class=\"wp-image-4095706 size-full\" \/><\/figure>\n<div class=\"wp-block-media-text__content\">\n<p class=\"has-text-align-center\">*<em><strong>Miguel Daoud<\/strong>&nbsp;\u00e9 comentarista de Economia e Pol\u00edtica&nbsp;do Canal Rural<\/em><\/p>\n<p><\/p>\n<\/div>\n<\/div>\n<hr class=\"wp-block-separator has-alpha-channel-opacity\" \/>\n<p><em>O&nbsp;<strong>Canal Rural<\/strong>&nbsp;n\u00e3o se responsabiliza pelas opini\u00f5es e conceitos emitidos nos textos desta sess\u00e3o, sendo os conte\u00fados de inteira responsabilidade de seus autores. A empresa se reserva o direito de fazer ajustes no texto para adequa\u00e7\u00e3o \u00e0s normas de publica\u00e7\u00e3o.<\/em><\/p>\n<\/p>\n<\/p>\n<p>O post <a href=\"https:\/\/www.canalrural.com.br\/opiniao-noticias\/programa-de-compra-de-arroz-do-governo-nao-atende-as-necessidades-do-produtor\/\">Programa de compra de arroz do governo n\u00e3o atende as necessidades do produtor<\/a> apareceu primeiro em <a href=\"https:\/\/www.canalrural.com.br\">Canal Rural<\/a>.<\/p>\n<p><br \/>\n<br \/><a href=\"https:\/\/www.canalrural.com.br\/opiniao-noticias\/programa-de-compra-de-arroz-do-governo-nao-atende-as-necessidades-do-produtor\/\">Source link <\/a><\/p>\n","protected":false},"excerpt":{"rendered":"<p>Foto: Marcello Casal Jr.\/Ag\u00eancia Brasil A Companhia Nacional de Abastecimento (Conab) anunciou a destina\u00e7\u00e3o de R$ 300 milh\u00f5es para opera\u00e7\u00f5es<\/p>\n","protected":false},"author":1,"featured_media":19558,"comment_status":"open","ping_status":"open","sticky":false,"template":"","format":"standard","meta":{"_monsterinsights_skip_tracking":false,"_monsterinsights_sitenote_active":false,"_monsterinsights_sitenote_note":"","_monsterinsights_sitenote_category":0,"_uf_show_specific_survey":0,"_uf_disable_surveys":false,"footnotes":""},"categories":[1],"tags":[],"class_list":["post-19557","post","type-post","status-publish","format-standard","has-post-thumbnail","hentry","category-news"],"_links":{"self":[{"href":"https:\/\/agromt.news\/index.php?rest_route=\/wp\/v2\/posts\/19557"}],"collection":[{"href":"https:\/\/agromt.news\/index.php?rest_route=\/wp\/v2\/posts"}],"about":[{"href":"https:\/\/agromt.news\/index.php?rest_route=\/wp\/v2\/types\/post"}],"author":[{"embeddable":true,"href":"https:\/\/agromt.news\/index.php?rest_route=\/wp\/v2\/users\/1"}],"replies":[{"embeddable":true,"href":"https:\/\/agromt.news\/index.php?rest_route=%2Fwp%2Fv2%2Fcomments&post=19557"}],"version-history":[{"count":0,"href":"https:\/\/agromt.news\/index.php?rest_route=\/wp\/v2\/posts\/19557\/revisions"}],"wp:featuredmedia":[{"embeddable":true,"href":"https:\/\/agromt.news\/index.php?rest_route=\/wp\/v2\/media\/19558"}],"wp:attachment":[{"href":"https:\/\/agromt.news\/index.php?rest_route=%2Fwp%2Fv2%2Fmedia&parent=19557"}],"wp:term":[{"taxonomy":"category","embeddable":true,"href":"https:\/\/agromt.news\/index.php?rest_route=%2Fwp%2Fv2%2Fcategories&post=19557"},{"taxonomy":"post_tag","embeddable":true,"href":"https:\/\/agromt.news\/index.php?rest_route=%2Fwp%2Fv2%2Ftags&post=19557"}],"curies":[{"name":"wp","href":"https:\/\/api.w.org\/{rel}","templated":true}]}}