{"id":19555,"date":"2025-09-02T10:16:30","date_gmt":"2025-09-02T14:16:30","guid":{"rendered":"https:\/\/agromt.news\/?p=19555"},"modified":"2025-09-02T10:16:30","modified_gmt":"2025-09-02T14:16:30","slug":"calor-pode-inviabilizar-cultivo-de-alface-em-campo-aberto-no-brasil-ate-o-fim-do-seculo","status":"publish","type":"post","link":"https:\/\/agromt.news\/?p=19555","title":{"rendered":"Calor pode inviabilizar cultivo de alface em campo aberto no Brasil at\u00e9 o fim do s\u00e9culo"},"content":{"rendered":"<p> <br \/>\n<br \/><img decoding=\"async\" src=\"https:\/\/agromt.news\/wp-content\/uploads\/2025\/09\/Calor-pode-inviabilizar-cultivo-de-alface-em-campo-aberto-no.jpg\" \/><\/p>\n<div>\n<p>Plantar alface ao ar livre no Brasil pode se tornar cada vez mais dif\u00edcil nas pr\u00f3ximas d\u00e9cadas. Isso \u00e9 o que revelam mapas de risco clim\u00e1tico elaborados por pesquisadores da Embrapa Hortali\u00e7as (DF), com base em proje\u00e7\u00f5es do Instituto Nacional de Pesquisas Espaciais (Inpe) e em modelos utilizados pelo Painel Intergovernamental sobre Mudan\u00e7as Clim\u00e1ticas (IPCC). <\/p>\n<p>Os dados indicam que, at\u00e9 o fim do s\u00e9culo, praticamente todo o territ\u00f3rio brasileiro enfrentar\u00e1 risco alto ou muito alto para a produ\u00e7\u00e3o da folhosa mais consumida pelos brasileiros.<\/p>\n<p><em>Veja em primeira m\u00e3o tudo sobre agricultura, pecu\u00e1ria, economia e previs\u00e3o do tempo:<\/em><a href=\"https:\/\/news.google.com\/publications\/CAAqBwgKMPKZlQswq_mqAw?hl=pt-BR&amp;gl=BR&amp;ceid=BR%3Apt-419\" target=\"_blank\" rel=\"noreferrer noopener\"><em>\u00a0siga o Canal Rural no Google News!<\/em><\/a><\/p>\n<p>A pesquisa considerou dois cen\u00e1rios clim\u00e1ticos: um otimista, com controle parcial das emiss\u00f5es de gases de efeito estufa, e outro pessimista, em que as emiss\u00f5es continuam crescendo at\u00e9 2100. Em ambos, as perspectivas n\u00e3o s\u00e3o animadoras para o cultivo tradicional da hortali\u00e7a. O ver\u00e3o \u00e9 a esta\u00e7\u00e3o mais cr\u00edtica, com temperaturas que podem ultrapassar os 40\u00b0C em boa parte do pa\u00eds, patamar bem acima do ideal para o desenvolvimento da alface, que exige clima ameno e umidade equilibrada.<\/p>\n<\/div>\n<div>\n<p>\u201cCompreender como as mudan\u00e7as clim\u00e1ticas podem afetar a produ\u00e7\u00e3o de alface, em um pa\u00eds tropical como o Brasil, \u00e9 essencial para desenhar estrat\u00e9gias de adapta\u00e7\u00e3o. Isso permite antecipar impactos e evitar preju\u00edzos\u201d, explica o engenheiro-ambiental Carlos Eduardo Pacheco, pesquisador em Mudan\u00e7as Clim\u00e1ticas Globais da Embrapa.<\/p>\n<p>Diante disso, as duas principais frentes de atua\u00e7\u00e3o da pesquisa t\u00eam sido o desenvolvimento de cultivares de alface com maior toler\u00e2ncia ao calor e de sistemas de produ\u00e7\u00e3o para garantir a sustentabilidade do cultivo diante de condi\u00e7\u00f5es clim\u00e1ticas adversas. <\/p>\n<p>Entre os exemplos est\u00e3o os sistemas regenerativos, que restauram a fertilidade do solo e a biodiversidade \u2013 como o sistema de plantio direto de hortali\u00e7as (SPDH) e o cultivo org\u00e2nico com compostagem e uso de bioinsumos; e os sistemas adaptados ao clima, que utilizam tecnologias e estrat\u00e9gias para evitar perdas por estresses clim\u00e1ticos \u2013 como o cultivo em ambientes protegidos ou controlados e o zoneamento agroclim\u00e1tico.<\/p>\n<\/p><\/div>\n<p><br \/>\n<br \/><a href=\"https:\/\/www.canalrural.com.br\/agricultura\/calor-pode-inviabilizar-cultivo-de-alface-em-campo-aberto-no-brasil-ate-o-fim-do-seculo\/\">Source link <\/a><\/p>\n","protected":false},"excerpt":{"rendered":"<p>Plantar alface ao ar livre no Brasil pode se tornar cada vez mais dif\u00edcil nas pr\u00f3ximas d\u00e9cadas. Isso \u00e9 o<\/p>\n","protected":false},"author":1,"featured_media":19556,"comment_status":"open","ping_status":"open","sticky":false,"template":"","format":"standard","meta":{"_monsterinsights_skip_tracking":false,"_monsterinsights_sitenote_active":false,"_monsterinsights_sitenote_note":"","_monsterinsights_sitenote_category":0,"_uf_show_specific_survey":0,"_uf_disable_surveys":false,"footnotes":""},"categories":[1],"tags":[],"class_list":["post-19555","post","type-post","status-publish","format-standard","has-post-thumbnail","hentry","category-news"],"_links":{"self":[{"href":"https:\/\/agromt.news\/index.php?rest_route=\/wp\/v2\/posts\/19555"}],"collection":[{"href":"https:\/\/agromt.news\/index.php?rest_route=\/wp\/v2\/posts"}],"about":[{"href":"https:\/\/agromt.news\/index.php?rest_route=\/wp\/v2\/types\/post"}],"author":[{"embeddable":true,"href":"https:\/\/agromt.news\/index.php?rest_route=\/wp\/v2\/users\/1"}],"replies":[{"embeddable":true,"href":"https:\/\/agromt.news\/index.php?rest_route=%2Fwp%2Fv2%2Fcomments&post=19555"}],"version-history":[{"count":0,"href":"https:\/\/agromt.news\/index.php?rest_route=\/wp\/v2\/posts\/19555\/revisions"}],"wp:featuredmedia":[{"embeddable":true,"href":"https:\/\/agromt.news\/index.php?rest_route=\/wp\/v2\/media\/19556"}],"wp:attachment":[{"href":"https:\/\/agromt.news\/index.php?rest_route=%2Fwp%2Fv2%2Fmedia&parent=19555"}],"wp:term":[{"taxonomy":"category","embeddable":true,"href":"https:\/\/agromt.news\/index.php?rest_route=%2Fwp%2Fv2%2Fcategories&post=19555"},{"taxonomy":"post_tag","embeddable":true,"href":"https:\/\/agromt.news\/index.php?rest_route=%2Fwp%2Fv2%2Ftags&post=19555"}],"curies":[{"name":"wp","href":"https:\/\/api.w.org\/{rel}","templated":true}]}}