{"id":19553,"date":"2025-09-02T10:02:11","date_gmt":"2025-09-02T14:02:11","guid":{"rendered":"https:\/\/agromt.news\/?p=19553"},"modified":"2025-09-02T10:02:11","modified_gmt":"2025-09-02T14:02:11","slug":"fgv-cria-observatorio-do-seguro-rural","status":"publish","type":"post","link":"https:\/\/agromt.news\/?p=19553","title":{"rendered":"FGV cria Observat\u00f3rio do Seguro Rural"},"content":{"rendered":"<p> <br \/>\n<\/p>\n<div>\n<p>De cada 100 hectares plantados, mais de 90 permanecem sem seguro em 2025. \u00c9 o famoso \u201capostar contra o clima e deixar a sorte cuidar\u201d.<\/p>\n<p>Quando o clima n\u00e3o ajuda \u2014 e se mostra cada vez mais inst\u00e1vel \u2014, a conta vem pesada. Quem paga? Produtor, consumidor e governo, que corre para improvisar renegocia\u00e7\u00f5es.<\/p>\n<p>H\u00e1 25 anos vejo o agro crescer em tecnologia, produtividade e exporta\u00e7\u00f5es. Mas, na gest\u00e3o de riscos, avan\u00e7amos timidamente. O seguro rural continua tratado como pol\u00edtica secund\u00e1ria, quando deveria ser prioridade nacional.<\/p>\n<p>Outros pa\u00edses j\u00e1 consolidaram o seguro como pol\u00edtica de Estado. Aqui, seguimos presos a modelos dos anos 1970. Pior: desmontamos o pouco que j\u00e1 t\u00ednhamos.<\/p>\n<p>O Programa de Subven\u00e7\u00e3o ao Pr\u00eamio (PSR), do <strong><a href=\"https:\/\/www.canalrural.com.br\/tag\/mapa\/\">Minist\u00e9rio da Agricultura<\/a><\/strong>, cobria 14 milh\u00f5es de hectares em 2021. Hoje, n\u00e3o passa de 4 milh\u00f5es. Com subs\u00eddios menores e inst\u00e1veis, o seguro rural perdeu capacidade de pulverizar riscos, concentrando-se em poucos estados do Centro-Sul via canais banc\u00e1rios que exigem garantias em opera\u00e7\u00f5es de maior risco, e afastando tanto o Centro-Norte quanto produtores com menor percep\u00e7\u00e3o de risco em todo o pa\u00eds.<\/p>\n<p>Trata-se de uma pol\u00edtica agr\u00edcola que aprofunda a sele\u00e7\u00e3o adversa: riscos mais propensos a sinistros contratam seguro com maior frequ\u00eancia, elevando o custo m\u00e9dio e aumentando o risco da carteira.<\/p>\n<p>O efeito \u00e9 imediato: pr\u00eamios mais altos, coberturas reduzidas e risco crescente diante da alta sinistralidade e da instabilidade clim\u00e1tica.<\/p>\n<p>Uma pol\u00edtica inconsistente e imprevis\u00edvel desestrutura a l\u00f3gica de um seguro acess\u00edvel, capaz de cobrir custos de produ\u00e7\u00e3o e garantir fluxo de caixa \u2014 deixando o pa\u00eds exposto aos riscos das mudan\u00e7as clim\u00e1ticas.<\/p>\n<\/div>\n<div>\n<p><strong>O ecossistema do seguro rural vive um efeito cascata:<\/strong><\/p>\n<ol class=\"wp-block-list\">\n<li>Produtores deixam de contratar por alto custo e baixa cobertura;<\/li>\n<li>Seguradoras e resseguradoras veem vendas ca\u00edrem e risco aumentar;<\/li>\n<li>Empresas de servi\u00e7os e de tecnologia para o seguro precisam se readequar ou buscar outras oportunidades;<\/li>\n<li>Corretores n\u00e3o conseguem recuperar investimentos nem manter a folha de pessoal;<\/li>\n<li>Peritos, sem mercado, buscam outras atividades.<\/li>\n<\/ol>\n<p>Se a situa\u00e7\u00e3o n\u00e3o se reverter, a rede do seguro rural, fruto de duas d\u00e9cadas de constru\u00e7\u00e3o, pode se fragilizar a ponto de perder sua sustentabilidade.<\/p>\n<p>\u00c9 nesse cen\u00e1rio que nasce o Observat\u00f3rio do Seguro Rural da FGV Agro, com a miss\u00e3o de produzir dados, pesquisas e diagn\u00f3sticos s\u00f3lidos, por uma institui\u00e7\u00e3o isenta e de refer\u00eancia nacional. Assim, o objetivo \u00e9 que governo e setor privado deixem de adivinhar e passem a decidir com base em estudos t\u00e9cnicos propositivos.<\/p>\n<p>Renegociar d\u00edvidas n\u00e3o resolve. \u00c9 maquiagem cara sem atacar a raiz do problema. Seguro rural \u00e9 o mecanismo mais eficiente para manter produtores de p\u00e9, financiadores recebendo e o setor funcionando sem sombra de inadimpl\u00eancia.<\/p>\n<p>O Brasil precisa de previsibilidade. <strong>Seguro rural n\u00e3o \u00e9 luxo<\/strong>. \u00c9 condi\u00e7\u00e3o de sobreviv\u00eancia. Enquanto tratarmos o tema como gasto e n\u00e3o como investimento, seguiremos presos ao ciclo da improdutividade: improviso, preju\u00edzos e perda de competitividade.<\/p>\n<p>O Observat\u00f3rio \u00e9 um chamado \u00e0 a\u00e7\u00e3o. Ou o Brasil assume o seguro rural como pol\u00edtica estrat\u00e9gica, ou continuar\u00e1 brincando com fogo \u2014 e pagando caro por isso, desperdi\u00e7ando a chance hist\u00f3rica de ampliar em 40% sua produ\u00e7\u00e3o agr\u00edcola nos pr\u00f3ximos dez anos.<\/p>\n<p>Em tempos de guerra, mudan\u00e7as clim\u00e1ticas e COP30, vale lembrar as s\u00e1bias palavras do professor em\u00e9rito da FGV e eterno ministro Roberto Rodrigues: <strong>\u201cOnde tem comida, tem paz.\u201d<\/strong> <\/p>\n<div class=\"wp-block-media-text is-stacked-on-mobile\">\n<figure class=\"wp-block-media-text__media\"><img fetchpriority=\"high\" decoding=\"async\" width=\"720\" height=\"818\" alt=\"\" class=\"wp-image-4117714 size-full\"  data-lazy- src=\"https:\/\/agromt.news\/wp-content\/uploads\/2025\/08\/Inadimplencia-no-agro-e-a-fragilidade-orcamentaria-do-seguro-rural.jpg\"\/><img decoding=\"async\" width=\"720\" height=\"818\" src=\"https:\/\/agromt.news\/wp-content\/uploads\/2025\/08\/Inadimplencia-no-agro-e-a-fragilidade-orcamentaria-do-seguro-rural.jpg\" alt=\"\" class=\"wp-image-4117714 size-full\"  \/><\/figure>\n<div class=\"wp-block-media-text__content\">\n<p>*<em><strong>Pedro Loyola<\/strong> \u00e9 consultor em gest\u00e3o de riscos agropecu\u00e1rios e financiamento sustent\u00e1vel e coordenador executivo do Observat\u00f3rio do Seguro Rural da FGV Agro.<\/em><\/p>\n<\/div>\n<\/div>\n<hr class=\"wp-block-separator has-alpha-channel-opacity\"\/>\n<p><em>O\u00a0<strong>Canal Rural<\/strong>\u00a0e a FGV Agro n\u00e3o se responsabilizam pelas opini\u00f5es e conceitos emitidos nos textos desta sess\u00e3o, sendo os conte\u00fados de inteira responsabilidade de seu autor. O <strong>Canal Rural <\/strong>se reserva o direito de fazer ajustes no texto para adequa\u00e7\u00e3o \u00e0s normas de publica\u00e7\u00e3o.<\/em><\/p>\n<\/p><\/div>\n<p><br \/>\n<br \/><a href=\"https:\/\/www.canalrural.com.br\/opiniao-noticias\/pesquisas-e-diagnosticos-serios-fgv-cria-observatorio-do-seguro-rural\/\">Source link <\/a><\/p>\n","protected":false},"excerpt":{"rendered":"<p>De cada 100 hectares plantados, mais de 90 permanecem sem seguro em 2025. \u00c9 o famoso \u201capostar contra o clima<\/p>\n","protected":false},"author":1,"featured_media":19554,"comment_status":"open","ping_status":"open","sticky":false,"template":"","format":"standard","meta":{"_monsterinsights_skip_tracking":false,"_monsterinsights_sitenote_active":false,"_monsterinsights_sitenote_note":"","_monsterinsights_sitenote_category":0,"_uf_show_specific_survey":0,"_uf_disable_surveys":false,"footnotes":""},"categories":[1],"tags":[],"class_list":["post-19553","post","type-post","status-publish","format-standard","has-post-thumbnail","hentry","category-news"],"_links":{"self":[{"href":"https:\/\/agromt.news\/index.php?rest_route=\/wp\/v2\/posts\/19553"}],"collection":[{"href":"https:\/\/agromt.news\/index.php?rest_route=\/wp\/v2\/posts"}],"about":[{"href":"https:\/\/agromt.news\/index.php?rest_route=\/wp\/v2\/types\/post"}],"author":[{"embeddable":true,"href":"https:\/\/agromt.news\/index.php?rest_route=\/wp\/v2\/users\/1"}],"replies":[{"embeddable":true,"href":"https:\/\/agromt.news\/index.php?rest_route=%2Fwp%2Fv2%2Fcomments&post=19553"}],"version-history":[{"count":0,"href":"https:\/\/agromt.news\/index.php?rest_route=\/wp\/v2\/posts\/19553\/revisions"}],"wp:featuredmedia":[{"embeddable":true,"href":"https:\/\/agromt.news\/index.php?rest_route=\/wp\/v2\/media\/19554"}],"wp:attachment":[{"href":"https:\/\/agromt.news\/index.php?rest_route=%2Fwp%2Fv2%2Fmedia&parent=19553"}],"wp:term":[{"taxonomy":"category","embeddable":true,"href":"https:\/\/agromt.news\/index.php?rest_route=%2Fwp%2Fv2%2Fcategories&post=19553"},{"taxonomy":"post_tag","embeddable":true,"href":"https:\/\/agromt.news\/index.php?rest_route=%2Fwp%2Fv2%2Ftags&post=19553"}],"curies":[{"name":"wp","href":"https:\/\/api.w.org\/{rel}","templated":true}]}}