{"id":19550,"date":"2025-09-02T08:49:00","date_gmt":"2025-09-02T12:49:00","guid":{"rendered":"https:\/\/agromt.news\/?p=19550"},"modified":"2025-09-02T08:49:00","modified_gmt":"2025-09-02T12:49:00","slug":"suprema-corte-dos-eua-deve-derrubar-tarifaco-de-trump-avalia-especialista","status":"publish","type":"post","link":"https:\/\/agromt.news\/?p=19550","title":{"rendered":"Suprema corte dos EUA deve derrubar tarifa\u00e7o de Trump, avalia especialista"},"content":{"rendered":"<p> <br \/>\n<br \/><img decoding=\"async\" src=\"https:\/\/agromt.news\/wp-content\/uploads\/2025\/07\/Contrarias-ao-tarifaco-entidades-empresariais-dos-EUA-pedem-que-Trump.jpg\" \/><\/p>\n<div>\n\t\t<iframe title=\"Corte Internacional do Com\u00e9rcio declara ilegalidade das tarifas americanas\" width=\"800\" height=\"450\" src=\"https:\/\/www.youtube.com\/embed\/amvPxbDVIzY?feature=oembed\" frameborder=\"0\" allow=\"accelerometer; autoplay; clipboard-write; encrypted-media; gyroscope; picture-in-picture; web-share\" referrerpolicy=\"strict-origin-when-cross-origin\" allowfullscreen><\/iframe><noscript><iframe title=\"Corte Internacional do Com\u00e9rcio declara ilegalidade das tarifas americanas\" width=\"800\" height=\"450\" src=\"https:\/\/www.youtube.com\/embed\/amvPxbDVIzY?feature=oembed\" frameborder=\"0\" allow=\"accelerometer; autoplay; clipboard-write; encrypted-media; gyroscope; picture-in-picture; web-share\" referrerpolicy=\"strict-origin-when-cross-origin\" allowfullscreen><\/iframe><\/noscript><\/p>\n<p>A pol\u00edtica tarif\u00e1ria do governo Trump foi apresentada como um instrumento de defesa econ\u00f4mica, mas, para o Brasil, tem car\u00e1ter essencialmente pol\u00edtico e protecionista. Tanto a Corte de Com\u00e9rcio Internacional (CIT) quanto a Corte de Apela\u00e7\u00f5es Federais j\u00e1 declararam a <a href=\"https:\/\/www.canalrural.com.br\/internacional\/justica-dos-eua-determina-que-maioria-das-tarifas-de-trump-e-ilegal\/\">ilegalidade da medida<\/a>.<\/p>\n<p>Para o advogado e pesquisador da FGV Agro, Leonardo Munhos, a tend\u00eancia \u00e9 que a Suprema Corte dos Estados Unidos amb\u00e9m confirme a a decis\u00e3o de declare as tarifas ilegais.<\/p>\n<p>\u201cO Trump embasou essas tarifas em larga escala sem uma emerg\u00eancia concreta e sem aprova\u00e7\u00e3o do Congresso. Isso viola precedentes hist\u00f3ricos do sistema de <em>common law<\/em> americano, que limitam o poder do presidente nesse tipo de decis\u00e3o. Por isso ele j\u00e1 foi derrotado nas duas inst\u00e2ncias anteriores\u201d, afirma Leonardo.<\/p>\n<p><em>Veja em primeira m\u00e3o tudo sobre agricultura, pecu\u00e1ria, economia e previs\u00e3o do tempo:<\/em><a href=\"https:\/\/news.google.com\/publications\/CAAqBwgKMPKZlQswq_mqAw?hl=pt-BR&amp;gl=BR&amp;ceid=BR%3Apt-419\" target=\"_blank\" rel=\"noreferrer noopener\"><em>\u00a0siga o Canal Rural no Google News!<\/em><\/a><\/p>\n<\/div>\n<div>\n<p>Segundo ele, a Constitui\u00e7\u00e3o americana \u00e9 clara ao delegar ao Congresso, e n\u00e3o ao presidente, o poder de decidir sobre tarifas e medidas econ\u00f4micas. m dos pontos ainda em discuss\u00e3o \u00e9 se a decis\u00e3o ter\u00e1 efeito universal ou apenas para os importadores que moveram a a\u00e7\u00e3o inicial. Caso seja reconhecido o alcance geral, o Brasil e outros pa\u00edses seriam beneficiados automaticamente. Se n\u00e3o, cada na\u00e7\u00e3o precisar\u00e1 ingressar com a\u00e7\u00e3o pr\u00f3pria, mas j\u00e1 com precedentes favor\u00e1veis.<\/p>\n<p>\u201cSe a Suprema Corte confirmar que o efeito \u00e9 universal, o tarifa\u00e7o perde objeto e se torna totalmente ilegal. Nesse caso, os valores cobrados indevidamente ter\u00e3o de ser devolvidos aos importadores. Os exportadores brasileiros, que foram prejudicados, tamb\u00e9m poder\u00e3o ser ressarcidos\u201d, explica o especialista.<\/p>\n<p>Leonardo acredita que a chance de revers\u00e3o na Suprema Corte \u00e9 pequena, justamente pela jurisprud\u00eancia recente. Ele cita o caso Raimundo versus Loper, que restringiu o poder do Executivo e de ag\u00eancias federais de criar exig\u00eancias sem respaldo legal expl\u00edcito.<\/p>\n<p>\u201cDireito n\u00e3o \u00e9 ci\u00eancia exata, mas a tend\u00eancia \u00e9 que a Suprema Corte mantenha a linha dos precedentes e condene Trump. Se isso acontecer, todas as tarifas caem, e os ressarcimentos se tornam realidade. Ser\u00e1 o fim de um n\u00f3 jur\u00eddico criado pelo governo americano, que gerou inseguran\u00e7a para todos os parceiros comerciais, inclusive o Brasil.<\/p>\n<\/p><\/div>\n<p><br \/>\n<br \/><a href=\"https:\/\/www.canalrural.com.br\/economia\/suprema-corte-dos-eua-deve-derrubar-tarifaco-de-trump-avalia-especialista\/\">Source link <\/a><\/p>\n","protected":false},"excerpt":{"rendered":"<p>A pol\u00edtica tarif\u00e1ria do governo Trump foi apresentada como um instrumento de defesa econ\u00f4mica, mas, para o Brasil, tem car\u00e1ter<\/p>\n","protected":false},"author":1,"featured_media":16785,"comment_status":"open","ping_status":"open","sticky":false,"template":"","format":"standard","meta":{"_monsterinsights_skip_tracking":false,"_monsterinsights_sitenote_active":false,"_monsterinsights_sitenote_note":"","_monsterinsights_sitenote_category":0,"_uf_show_specific_survey":0,"_uf_disable_surveys":false,"footnotes":""},"categories":[1],"tags":[],"class_list":["post-19550","post","type-post","status-publish","format-standard","has-post-thumbnail","hentry","category-news"],"_links":{"self":[{"href":"https:\/\/agromt.news\/index.php?rest_route=\/wp\/v2\/posts\/19550"}],"collection":[{"href":"https:\/\/agromt.news\/index.php?rest_route=\/wp\/v2\/posts"}],"about":[{"href":"https:\/\/agromt.news\/index.php?rest_route=\/wp\/v2\/types\/post"}],"author":[{"embeddable":true,"href":"https:\/\/agromt.news\/index.php?rest_route=\/wp\/v2\/users\/1"}],"replies":[{"embeddable":true,"href":"https:\/\/agromt.news\/index.php?rest_route=%2Fwp%2Fv2%2Fcomments&post=19550"}],"version-history":[{"count":0,"href":"https:\/\/agromt.news\/index.php?rest_route=\/wp\/v2\/posts\/19550\/revisions"}],"wp:featuredmedia":[{"embeddable":true,"href":"https:\/\/agromt.news\/index.php?rest_route=\/wp\/v2\/media\/16785"}],"wp:attachment":[{"href":"https:\/\/agromt.news\/index.php?rest_route=%2Fwp%2Fv2%2Fmedia&parent=19550"}],"wp:term":[{"taxonomy":"category","embeddable":true,"href":"https:\/\/agromt.news\/index.php?rest_route=%2Fwp%2Fv2%2Fcategories&post=19550"},{"taxonomy":"post_tag","embeddable":true,"href":"https:\/\/agromt.news\/index.php?rest_route=%2Fwp%2Fv2%2Ftags&post=19550"}],"curies":[{"name":"wp","href":"https:\/\/api.w.org\/{rel}","templated":true}]}}