{"id":19547,"date":"2025-09-02T07:50:15","date_gmt":"2025-09-02T11:50:15","guid":{"rendered":"https:\/\/agromt.news\/?p=19547"},"modified":"2025-09-02T07:50:15","modified_gmt":"2025-09-02T11:50:15","slug":"frente-fria-estaciona-e-provoca-temporais-em-alguns-estados-veja-a-previsao-do-tempo-de-hoje","status":"publish","type":"post","link":"https:\/\/agromt.news\/?p=19547","title":{"rendered":"Frente fria estaciona e provoca temporais em alguns estados; veja a previs\u00e3o do tempo de hoje"},"content":{"rendered":"<p> <br \/>\n<br \/><img decoding=\"async\" src=\"https:\/\/agromt.news\/wp-content\/uploads\/2025\/09\/Frente-fria-estaciona-e-provoca-temporais-em-alguns-estados-veja.jpg\" \/><\/p>\n<div>\n<p>A perman\u00eancia de uma frente fria estacion\u00e1ria deve seguir favorecendo o fluxo de umidade e calor vindos do norte do pa\u00eds, realizando assim a manuten\u00e7\u00e3o das instabilidades e dos temporais sobre boa parte do Rio Grande do Sul nesta ter\u00e7a-feira (2). <\/p>\n<div data-icp-cta=\"1\" id=\"icp-cta-unique\">Voc\u00ea quer entender como usar o clima a seu favor?<b> <\/b><a href=\"https:\/\/climacampo.canalrural.com.br\/climacampo_-01\">Preparamos um e-book exclusivo<\/a> para ajudar produtores rurais a se antecipar \u00e0s mudan\u00e7as do tempo e planejar melhor suas a\u00e7\u00f5es. Com base em previs\u00f5es meteorol\u00f3gicas confi\u00e1veis, ele oferece orienta\u00e7\u00f5es pr\u00e1ticas para proteger sua lavoura e otimizar seus resultados.<\/div>\n<p>Ainda cedo, j\u00e1 devemos contar com a ocorr\u00eancia de algumas pancadas de chuva isoladas no estado. No decorrer da tarde e noite, essa chuva ganha for\u00e7a e se espalha, condicionando a ocorr\u00eancia de temporais, seguidos por raios, rajadas de vento e eventual queda de granizo. As \u00e1reas de maior aten\u00e7\u00e3o percorrem a fronteira oeste, campanha e sul ga\u00facho, onde o cen\u00e1rio \u00e9 de perigo para chuva forte e volumosa.<\/p>\n<p>Na Regi\u00e3o Metropolitana de Porto Alegre, h\u00e1 risco de chuva forte seguida por raios ao longo do dia. Excepcionalmente em \u00e1reas do norte, serra e litoral norte ga\u00facho n\u00e3o devem contar com risco de chuva significativa no decorrer das horas. Outro destaque dever\u00e1 girar em torno dos ventos, que sopram com maior intensidade na por\u00e7\u00e3o leste e litoral do estado, com rajadas que podem ultrapassar os 50 km\/h, apesar da chuva. <\/p>\n<p>Entre Santa Catarina e o Paran\u00e1, a circula\u00e7\u00e3o de ventos \u00famidos vindos do oceano deve continuar promovendo a ocorr\u00eancia de pancadas de chuva entre o leste, vales e norte catarinense, e o litoral paranaense, com condi\u00e7\u00f5es para pancadas de chuva com fraca a moderada intensidade durante o dia.<\/p>\n<p>Nas demais regi\u00f5es interioranas, o tempo segue aberto e sem previs\u00e3o de chuva. Entre o noroeste e norte paranaense, o ar seco ganha for\u00e7a na parte da tarde e estabelece o alerta de baixa umidade do ar \u2013 com \u00edndices que podem ficar abaixo de 20%. Pr\u00f3ximo \u00e0 costa dos tr\u00eas estados da regi\u00e3o sul, o mar permanece agitado e com alerta de ventos fortes.<\/p>\n<p>No Sudeste, a circula\u00e7\u00e3o de ventos que sopram do oceano e levam umidade sobre o continente deve manter o c\u00e9u mais encoberto e a condi\u00e7\u00e3o para pancadas de chuva entre o Esp\u00edrito Santo e a regi\u00e3o dos vales de Minas Gerais. No ES, a aten\u00e7\u00e3o \u00e9 maior, pois h\u00e1 risco de chuva forte ao longo do dia. Em Vit\u00f3ria, n\u00e3o est\u00e3o descartados eventuais temporais ou intervalos com chuva mais expressiva. <\/p>\n<p>Em Minas Gerais, haver\u00e1 apenas condi\u00e7\u00f5es para chuva fraca isolada. Ainda na regi\u00e3o central e por\u00e7\u00e3o leste mineira, incluindo a Regi\u00e3o Metropolitana de Belo Horizonte, o c\u00e9u segue um pouco mais encoberto durante o dia, com algumas apari\u00e7\u00f5es do sol e temperaturas mais amenas.<\/p>\n<\/div>\n<div>\n<p>Entre Rio de Janeiro e S\u00e3o Paulo, o predom\u00ednio j\u00e1 dever\u00e1 ser de tempo firme, com predom\u00ednio de sol entre algumas nuvens no c\u00e9u e temperaturas j\u00e1 come\u00e7ando a aumentar mais conforme o passar das horas. Destaque para as rajadas de vento, que continuam soprando sobre a faixa leste paulista e no sul e regi\u00e3o da baixada fluminense. Entre o interior paulista e o oeste mineiro, alerta para baixa umidade do ar na parte da tarde.<\/p>\n<p>Enquanto no Centro-Oeste, o predom\u00ednio dever\u00e1 ser de tempo aberto e seco em boa parte dos estados, representado pela presen\u00e7a do sol entre algumas nuvens no c\u00e9u e temperaturas disparando ao longo do dia. Excepcionalmente em algumas \u00e1reas do oeste e noroeste de Mato Grosso, haver\u00e1 condi\u00e7\u00f5es para pancadas de chuva com fraca a moderada intensidade, devido ao avan\u00e7o de algumas instabilidades vindas dos estados da regi\u00e3o norte do pa\u00eds. N\u00e3o est\u00e3o descartados epis\u00f3dios de chuva mais expressiva isolada.<\/p>\n<p>Ainda no Mato Grosso, o calor intenso segue presente, e Cuiab\u00e1 pode registrar a maior temperatura entre as capitais do pa\u00eds, com m\u00e1xima alcan\u00e7ando a ordem dos 40\u00baC. Entre o Mato Grosso do Sul, Goi\u00e1s e o Distrito Federal, o ar seco ganha for\u00e7a no decorrer das horas e favorece o alerta de baixa umidade do ar, com \u00edndices que podem variar entre limiares de aten\u00e7\u00e3o (abaixo de 30%) e alerta (abaixo de 20%).<\/p>\n<p>J\u00e1 no Nordeste, a infiltra\u00e7\u00e3o de ventos mar\u00edtimos deve realizar a manuten\u00e7\u00e3o da chuva em boa parte da costa leste ao longo do dia. Destaque para o litoral sul da Bahia, onde h\u00e1 risco para temporais isolados. Entre Salvador e Recife, o cen\u00e1rio \u00e9 de aten\u00e7\u00e3o para chuva forte acompanhada por raios. <\/p>\n<p>Entre o agreste baiano e o pernambucano, pode chover com fraca a moderada intensidade durante o dia. Haver\u00e1 condi\u00e7\u00f5es para chuva de at\u00e9 moderada intensidade tamb\u00e9m sobre o litoral do Maranh\u00e3o. Nas demais regi\u00f5es interioranas, o predom\u00ednio continua sendo de sol e tempo firme, com calor intenso e alerta de baixa umidade do ar \u00e0 tarde.<\/p>\n<p>E no Norte, as instabilidades seguem concentradas entre Rond\u00f4nia, Acre e Amazonas, com condi\u00e7\u00f5es para pancadas de chuva com forte intensidade ao longo do dia. No Acre, h\u00e1 risco de temporais com ventania. Pode chover forte tamb\u00e9m no litoral do Par\u00e1 e no extremo oeste de Roraima. Nas demais regi\u00f5es, o predom\u00ednio segue sendo de tempo mais aberto, com sol e sensa\u00e7\u00e3o de abafamento durante o dia. No Tocantins, o tempo continua bastante seco, com alerta de baixa umidade do ar na parte da tarde.<\/p>\n<\/p><\/div>\n<p><br \/>\n<br \/><a href=\"https:\/\/www.canalrural.com.br\/tempo\/frente-fria-estaciona-e-provoca-temporais-em-alguns-estados-veja-a-previsao-do-tempo-de-hoje\/\">Source link <\/a><\/p>\n","protected":false},"excerpt":{"rendered":"<p>A perman\u00eancia de uma frente fria estacion\u00e1ria deve seguir favorecendo o fluxo de umidade e calor vindos do norte do<\/p>\n","protected":false},"author":1,"featured_media":19548,"comment_status":"open","ping_status":"open","sticky":false,"template":"","format":"standard","meta":{"_monsterinsights_skip_tracking":false,"_monsterinsights_sitenote_active":false,"_monsterinsights_sitenote_note":"","_monsterinsights_sitenote_category":0,"_uf_show_specific_survey":0,"_uf_disable_surveys":false,"footnotes":""},"categories":[1],"tags":[],"class_list":["post-19547","post","type-post","status-publish","format-standard","has-post-thumbnail","hentry","category-news"],"_links":{"self":[{"href":"https:\/\/agromt.news\/index.php?rest_route=\/wp\/v2\/posts\/19547"}],"collection":[{"href":"https:\/\/agromt.news\/index.php?rest_route=\/wp\/v2\/posts"}],"about":[{"href":"https:\/\/agromt.news\/index.php?rest_route=\/wp\/v2\/types\/post"}],"author":[{"embeddable":true,"href":"https:\/\/agromt.news\/index.php?rest_route=\/wp\/v2\/users\/1"}],"replies":[{"embeddable":true,"href":"https:\/\/agromt.news\/index.php?rest_route=%2Fwp%2Fv2%2Fcomments&post=19547"}],"version-history":[{"count":0,"href":"https:\/\/agromt.news\/index.php?rest_route=\/wp\/v2\/posts\/19547\/revisions"}],"wp:featuredmedia":[{"embeddable":true,"href":"https:\/\/agromt.news\/index.php?rest_route=\/wp\/v2\/media\/19548"}],"wp:attachment":[{"href":"https:\/\/agromt.news\/index.php?rest_route=%2Fwp%2Fv2%2Fmedia&parent=19547"}],"wp:term":[{"taxonomy":"category","embeddable":true,"href":"https:\/\/agromt.news\/index.php?rest_route=%2Fwp%2Fv2%2Fcategories&post=19547"},{"taxonomy":"post_tag","embeddable":true,"href":"https:\/\/agromt.news\/index.php?rest_route=%2Fwp%2Fv2%2Ftags&post=19547"}],"curies":[{"name":"wp","href":"https:\/\/api.w.org\/{rel}","templated":true}]}}