{"id":19546,"date":"2025-09-02T07:35:12","date_gmt":"2025-09-02T11:35:12","guid":{"rendered":"https:\/\/agromt.news\/?p=19546"},"modified":"2025-09-02T07:35:12","modified_gmt":"2025-09-02T11:35:12","slug":"mel-do-vale-do-paraiba-recebe-ig-e-valoriza-apicultura-regional","status":"publish","type":"post","link":"https:\/\/agromt.news\/?p=19546","title":{"rendered":"Mel do Vale do Para\u00edba recebe IG e valoriza apicultura regional"},"content":{"rendered":"<p> <br \/>\n<br \/><img decoding=\"async\" src=\"https:\/\/agromt.news\/wp-content\/uploads\/2025\/04\/Governo-estuda-melhorias-no-servico-de-inspecao-de-produtos-de.jpg\" \/><\/p>\n<div>\n<p>O mel do Vale do Para\u00edba (SP) acaba de conquistar a Indica\u00e7\u00e3o Geogr\u00e1fica (IG) na categoria Indica\u00e7\u00e3o de Proced\u00eancia (IP), concedida pelo Instituto Nacional da Propriedade Industrial (INPI). O selo reconhece a tradi\u00e7\u00e3o ap\u00edcola da regi\u00e3o e fortalece a economia local, tornando-se a 141\u00aa IG brasileira e a s\u00e9tima dedicada ao mel no pa\u00eds.<\/p>\n<p>Segundo Hulda Giesbrecht, coordenadora de Tecnologias Portadoras de Futuro do Sebrae, o reconhecimento vai al\u00e9m da certifica\u00e7\u00e3o:<\/p>\n<p>\u201c\u00c9 o resultado de um trabalho coletivo que atravessa gera\u00e7\u00f5es e coloca o Vale do Para\u00edba no mapa dos melhores m\u00e9is do Brasil. O produto ganha valor, fortalece o turismo e entrega uma experi\u00eancia \u00fanica a quem visita a regi\u00e3o.\u201d<\/p>\n<h2 class=\"wp-block-heading has-medium-font-size\" id=\"h-tradicao-apicola-centenaria\">Tradi\u00e7\u00e3o ap\u00edcola centen\u00e1ria<\/h2>\n<p>A apicultura no Vale do Para\u00edba come\u00e7ou no in\u00edcio do s\u00e9culo XX com os monges trapistas. Desde ent\u00e3o, a uni\u00e3o entre pesquisa e saber tradicional garantiu uma produ\u00e7\u00e3o sustent\u00e1vel e artesanal. A maioria dos api\u00e1rios possui menos de 20 colmeias, refor\u00e7ando o car\u00e1ter familiar e a qualidade do produto.<\/p>\n<\/div>\n<div>\n<p>O setor ganhou for\u00e7a em 2013 com o reconhecimento do Arranjo Produtivo Local (APL) do mel, que impulsionou a renda das fam\u00edlias apicultoras. Em 2017, a produ\u00e7\u00e3o j\u00e1 havia alcan\u00e7ado 31 toneladas, com a participa\u00e7\u00e3o de mais de 300 produtores em 35 munic\u00edpios da regi\u00e3o.<\/p>\n<ul class=\"wp-block-list\">\n<li><em>Participe do Porteira Aberta Empreender: envie perguntas, sugest\u00f5es e conte sua hist\u00f3ria de empreendedorismo pelo <\/em><a href=\"https:\/\/api.whatsapp.com\/send?phone=5511932796720&amp;PorteiraAbertaEmpreender=SuaMensagem\"><strong>WhatsApp<\/strong><\/a><\/li>\n<\/ul>\n<p>A Associa\u00e7\u00e3o Socioeducativa de Pequenos Produtores Rurais de Reden\u00e7\u00e3o da Serra foi pe\u00e7a-chave no processo, atuando como representante legal e garantindo a governan\u00e7a da IG.<\/p>\n<h2 class=\"wp-block-heading has-medium-font-size\" id=\"h-impacto-na-economia-e-no-turismo\">Impacto na economia e no turismo<\/h2>\n<p>O mel certificado movimenta a economia local, fortalece a pesquisa cient\u00edfica e contribui para a preserva\u00e7\u00e3o da biodiversidade. Al\u00e9m disso, a IG transforma o produto em atrativo tur\u00edstico, conectando visitantes \u00e0 tradi\u00e7\u00e3o ap\u00edcola e ao sabor \u00fanico do Vale do Para\u00edba.<\/p>\n<\/p><\/div>\n<p><br \/>\n<br \/><a href=\"https:\/\/www.canalrural.com.br\/empreendedorismo\/mel-do-vale-do-paraiba-recebe-ig-e-valoriza-apicultura-regional\/\">Source link <\/a><\/p>\n","protected":false},"excerpt":{"rendered":"<p>O mel do Vale do Para\u00edba (SP) acaba de conquistar a Indica\u00e7\u00e3o Geogr\u00e1fica (IG) na categoria Indica\u00e7\u00e3o de Proced\u00eancia (IP),<\/p>\n","protected":false},"author":1,"featured_media":12636,"comment_status":"open","ping_status":"open","sticky":false,"template":"","format":"standard","meta":{"_monsterinsights_skip_tracking":false,"_monsterinsights_sitenote_active":false,"_monsterinsights_sitenote_note":"","_monsterinsights_sitenote_category":0,"_uf_show_specific_survey":0,"_uf_disable_surveys":false,"footnotes":""},"categories":[1],"tags":[],"class_list":["post-19546","post","type-post","status-publish","format-standard","has-post-thumbnail","hentry","category-news"],"_links":{"self":[{"href":"https:\/\/agromt.news\/index.php?rest_route=\/wp\/v2\/posts\/19546"}],"collection":[{"href":"https:\/\/agromt.news\/index.php?rest_route=\/wp\/v2\/posts"}],"about":[{"href":"https:\/\/agromt.news\/index.php?rest_route=\/wp\/v2\/types\/post"}],"author":[{"embeddable":true,"href":"https:\/\/agromt.news\/index.php?rest_route=\/wp\/v2\/users\/1"}],"replies":[{"embeddable":true,"href":"https:\/\/agromt.news\/index.php?rest_route=%2Fwp%2Fv2%2Fcomments&post=19546"}],"version-history":[{"count":0,"href":"https:\/\/agromt.news\/index.php?rest_route=\/wp\/v2\/posts\/19546\/revisions"}],"wp:featuredmedia":[{"embeddable":true,"href":"https:\/\/agromt.news\/index.php?rest_route=\/wp\/v2\/media\/12636"}],"wp:attachment":[{"href":"https:\/\/agromt.news\/index.php?rest_route=%2Fwp%2Fv2%2Fmedia&parent=19546"}],"wp:term":[{"taxonomy":"category","embeddable":true,"href":"https:\/\/agromt.news\/index.php?rest_route=%2Fwp%2Fv2%2Fcategories&post=19546"},{"taxonomy":"post_tag","embeddable":true,"href":"https:\/\/agromt.news\/index.php?rest_route=%2Fwp%2Fv2%2Ftags&post=19546"}],"curies":[{"name":"wp","href":"https:\/\/api.w.org\/{rel}","templated":true}]}}