{"id":19545,"date":"2025-09-02T06:43:27","date_gmt":"2025-09-02T10:43:27","guid":{"rendered":"https:\/\/agromt.news\/?p=19545"},"modified":"2025-09-02T06:43:27","modified_gmt":"2025-09-02T10:43:27","slug":"o-preco-do-milho-ainda-vai-subir","status":"publish","type":"post","link":"https:\/\/agromt.news\/?p=19545","title":{"rendered":"O pre\u00e7o do milho ainda vai subir"},"content":{"rendered":"<p> <br \/>\n<\/p>\n<div>\n<div class=\"row\">\n<div class=\"col-lg col-infos mt-0 mt-lg-0\">\n<div class=\"section-sub-title\">\n<p itemprop=\"description\">&#13;<br \/>\n                                Por outro lado, fatores de press\u00e3o para baixa tamb\u00e9m existem&#13;\n                            <\/p>\n<\/p><\/div>\n<div class=\"container\">\n<div class=\"row\">\n<div class=\"col-lg p-0\">\n<div>\n<div class=\"block-news-main-infos mt-3 text-start\">\n<p>                                            <strong class=\"fn\" itemprop=\"author\" style=\"color: rgb(112, 112, 112); \">&#13;<br \/>\n                                                <a href=\"https:\/\/www.agrolink.com.br\/noticias\/javascript:;\" class=\"text-uppercase\" target=\"_blank\" style=\"color: rgb(112, 112, 112); \" rel=\"noopener\">Agrolink<\/a>&#13;<br \/>\n&#13;<br \/>\n                                                    &#8211; Leonardo Gottems&#13;<br \/>\n&#13;<br \/>\n                                            <\/strong><br \/>\n                                        <\/p>\n<p>                                            <abbr><time datetime=\"2025-09-01T09:56\" itemprop=\"datePublished dateModified\">Publicado em 01\/09\/2025 \u00e0s 09:56h.<\/time><\/abbr><br \/>\n                                            <\/p><\/div>\n<\/p><\/div>\n<\/p><\/div>\n<div class=\"col-lg p-0 text-lg-end\">\n<div>\n<div id=\"mdEnviarPagina\" class=\"modal fade\" role=\"dialog\">\n<div class=\"modal-dialog\">\n<div class=\"modal-content\">\n<div class=\"modal-body\">\n<p><strong>Estimado usu\u00e1rio.<\/strong><br \/>Preencha o formul\u00e1rio abaixo para remeter a p\u00e1gina.<\/p>\n<\/p><\/div>\n<\/p><\/div>\n<\/p><\/div>\n<\/div><\/div>\n<\/p><\/div>\n<\/p><\/div>\n<\/p><\/div>\n<\/p><\/div>\n<\/p><\/div>\n<div class=\"row justify-content-md-center mt-3\">\n<div class=\"col-lg-auto col-image block-news-main-image\">\n<p>                                <img decoding=\"async\" src=\"https:\/\/www.agrolink.com.br\/upload\/imagens-resizes\/35b785e1f5924e78b186ba69fa61b262_858x483.jpg\" class=\"lazyload img-fluid\" alt=\"Por outro lado, fatores de press\u00e3o para baixa tamb\u00e9m existem\"\/><br \/>\n                                                <span class=\"d-block mt-1\">Por outro lado, fatores de press\u00e3o para baixa tamb\u00e9m existem &#8211; Foto: AgResource<\/span><\/p><\/div>\n<\/p><\/div>\n<div class=\"section-description section-description-noticias mt-3\">\n<p>O mercado de <a href=\"https:\/\/www.agrolink.com.br\/culturas\/milho?utm_source=agrolink-detalhe-noticia&amp;utm_medium=detalhe-noticia&amp;utm_campaign=links-internos&#9;\" target=\"_blank\" rel=\"noopener\">milho<\/a> sinaliza alta nos pre\u00e7os nos pr\u00f3ximos meses, segundo an\u00e1lise da TF Agroecon\u00f4mica. A consultoria destaca que a tend\u00eancia \u00e9 sazonal e se repete anualmente, com a redu\u00e7\u00e3o gradual dos estoques impulsionando a demanda e, consequentemente, os valores da commodity.&#13;\n<\/p>\n<p>Para produtores e empresas, o conselho \u00e9 estrat\u00e9gico: caso seja necess\u00e1rio vender para honrar compromissos imediatos, recomenda-se comercializar o produto f\u00edsico e simultaneamente comprar contratos futuros na B3. Essa opera\u00e7\u00e3o permite continuar participando das altas de pre\u00e7o esperadas para o segundo semestre. Para empresas com contratos obrigat\u00f3rios de venda, a orienta\u00e7\u00e3o segue a mesma linha, protegendo margens e garantindo receita futura.<\/p>\n<p>Entre os fatores que favorecem a alta est\u00e3o o ritmo acelerado das vendas nos Estados Unidos, superando a m\u00e9dia necess\u00e1ria para atingir a meta recorde de exporta\u00e7\u00e3o de 73,03 milh\u00f5es de toneladas estabelecida pelo USDA. Na Europa, a produ\u00e7\u00e3o prevista caiu de 60,10 para 57,60 milh\u00f5es de toneladas, aumentando a necessidade de importa\u00e7\u00f5es, enquanto as exporta\u00e7\u00f5es da Ucr\u00e2nia ca\u00edram 60,64% em compara\u00e7\u00e3o ao mesmo per\u00edodo do ano passado, abrindo espa\u00e7o para vendas brasileiras e americanas. No Brasil, os pre\u00e7os j\u00e1 mostram recupera\u00e7\u00e3o, impulsionados pelo consumo industrial e pelas exporta\u00e7\u00f5es do segundo semestre.&#13;\n<\/p>\n<p>Por outro lado, fatores de press\u00e3o para baixa tamb\u00e9m existem. Nos EUA, o in\u00edcio da colheita de safra recorde no sul do pa\u00eds deve ampliar a oferta. Problemas nas negocia\u00e7\u00f5es comerciais entre Washington e T\u00f3quio afetam a demanda externa, j\u00e1 que o Jap\u00e3o \u00e9 o segundo maior comprador de milho americano. No Brasil, a desvaloriza\u00e7\u00e3o do d\u00f3lar e a queda nos pre\u00e7os de produtos consumidores de milho, como etanol hidratado, carne de frango e bovina, freiam a valoriza\u00e7\u00e3o da commodity. Diante desse cen\u00e1rio, produtores e empresas devem atuar de forma estrat\u00e9gica para proteger margens e aproveitar oportunidades de ganho.<br \/>&#13;<br \/>\n\u00a0<\/p>\n<\/p><\/div>\n<\/p><\/div>\n<p><script data-cfasync=\"false\">\n    !function (f, b, e, v, n, t, s) {\n        if (f.fbq) return; n = f.fbq = function () {\n            n.callMethod ?\n                n.callMethod.apply(n, arguments) : n.queue.push(arguments)\n        };\n        if (!f._fbq) f._fbq = n; n.push = n; n.loaded = !0; n.version = '2.0';\n        n.queue = []; t = b.createElement(e); t.async = !0;\n        t.src = v; s = b.getElementsByTagName(e)[0];\n        s.parentNode.insertBefore(t, s)\n    }(window, document, 'script',\n        'https:\/\/connect.facebook.net\/en_US\/fbevents.js');\n    fbq('init', '522546078623747');\n    fbq('track', 'PageView');\n<\/script><br \/>\n<br \/><br \/>\n<br \/><a href=\"https:\/\/www.agrolink.com.br\/noticias\/o-preco-do-milho-ainda-vai-subir_505481.html\">Source link <\/a><\/p>\n","protected":false},"excerpt":{"rendered":"<p>&#13; Por outro lado, fatores de press\u00e3o para baixa tamb\u00e9m existem&#13; &#13; Agrolink&#13; &#13; &#8211; Leonardo Gottems&#13; &#13; Publicado em<\/p>\n","protected":false},"author":1,"featured_media":2185,"comment_status":"open","ping_status":"open","sticky":false,"template":"","format":"standard","meta":{"_monsterinsights_skip_tracking":false,"_monsterinsights_sitenote_active":false,"_monsterinsights_sitenote_note":"","_monsterinsights_sitenote_category":0,"_uf_show_specific_survey":0,"_uf_disable_surveys":false,"footnotes":""},"categories":[8,1,14],"tags":[],"class_list":["post-19545","post","type-post","status-publish","format-standard","has-post-thumbnail","hentry","category-agro","category-news","category-politica-agro"],"_links":{"self":[{"href":"https:\/\/agromt.news\/index.php?rest_route=\/wp\/v2\/posts\/19545"}],"collection":[{"href":"https:\/\/agromt.news\/index.php?rest_route=\/wp\/v2\/posts"}],"about":[{"href":"https:\/\/agromt.news\/index.php?rest_route=\/wp\/v2\/types\/post"}],"author":[{"embeddable":true,"href":"https:\/\/agromt.news\/index.php?rest_route=\/wp\/v2\/users\/1"}],"replies":[{"embeddable":true,"href":"https:\/\/agromt.news\/index.php?rest_route=%2Fwp%2Fv2%2Fcomments&post=19545"}],"version-history":[{"count":0,"href":"https:\/\/agromt.news\/index.php?rest_route=\/wp\/v2\/posts\/19545\/revisions"}],"wp:featuredmedia":[{"embeddable":true,"href":"https:\/\/agromt.news\/index.php?rest_route=\/wp\/v2\/media\/2185"}],"wp:attachment":[{"href":"https:\/\/agromt.news\/index.php?rest_route=%2Fwp%2Fv2%2Fmedia&parent=19545"}],"wp:term":[{"taxonomy":"category","embeddable":true,"href":"https:\/\/agromt.news\/index.php?rest_route=%2Fwp%2Fv2%2Fcategories&post=19545"},{"taxonomy":"post_tag","embeddable":true,"href":"https:\/\/agromt.news\/index.php?rest_route=%2Fwp%2Fv2%2Ftags&post=19545"}],"curies":[{"name":"wp","href":"https:\/\/api.w.org\/{rel}","templated":true}]}}