{"id":19543,"date":"2025-09-02T04:46:37","date_gmt":"2025-09-02T08:46:37","guid":{"rendered":"https:\/\/agromt.news\/?p=19543"},"modified":"2025-09-02T04:46:37","modified_gmt":"2025-09-02T08:46:37","slug":"brasil-lidera-embarques-de-cafe-soluvel-no-mundo","status":"publish","type":"post","link":"https:\/\/agromt.news\/?p=19543","title":{"rendered":"Brasil lidera embarques de caf\u00e9 sol\u00favel no mundo"},"content":{"rendered":"<p> <br \/>\n<\/p>\n<div>\n<div class=\"row\">\n<div class=\"col-lg col-infos mt-0 mt-lg-0\">\n<div class=\"section-sub-title\">\n<p itemprop=\"description\">&#13;<br \/>\n                                Exporta\u00e7\u00f5es de caf\u00e9 sol\u00favel crescem 47% em junho&#13;\n                            <\/p>\n<\/p><\/div>\n<div class=\"container\">\n<div class=\"row\">\n<div class=\"col-lg p-0\">\n<div>\n<div class=\"block-news-main-infos mt-3 text-start\">\n<p>                                            <strong class=\"fn\" itemprop=\"author\" style=\"color: rgb(112, 112, 112); \">&#13;<br \/>\n                                                <a href=\"https:\/\/www.agrolink.com.br\/noticias\/javascript:;\" class=\"text-uppercase\" target=\"_blank\" style=\"color: rgb(112, 112, 112); \" rel=\"noopener\">Agrolink<\/a>&#13;<br \/>\n&#13;<br \/>\n                                                    &#8211; Seane Lennon&#13;<br \/>\n&#13;<br \/>\n                                            <\/strong><br \/>\n                                        <\/p>\n<p>                                            <abbr><time datetime=\"2025-09-01T10:17\" itemprop=\"datePublished dateModified\">Publicado em 01\/09\/2025 \u00e0s 10:17h.<\/time><\/abbr><br \/>\n                                            <\/p><\/div>\n<\/p><\/div>\n<\/p><\/div>\n<div class=\"col-lg p-0 text-lg-end\">\n<div>\n<div id=\"mdEnviarPagina\" class=\"modal fade\" role=\"dialog\">\n<div class=\"modal-dialog\">\n<div class=\"modal-content\">\n<div class=\"modal-body\">\n<p><strong>Estimado usu\u00e1rio.<\/strong><br \/>Preencha o formul\u00e1rio abaixo para remeter a p\u00e1gina.<\/p>\n<\/p><\/div>\n<\/p><\/div>\n<\/p><\/div>\n<\/div><\/div>\n<\/p><\/div>\n<\/p><\/div>\n<\/p><\/div>\n<\/p><\/div>\n<\/p><\/div>\n<div class=\"row justify-content-md-center mt-3\">\n<div class=\"col-lg-auto col-image block-news-main-image\">\n<p>                                <img decoding=\"async\" src=\"https:\/\/www.agrolink.com.br\/upload\/imagens-resizes\/6b957f451adb4f5ebefa8e9832414a0d_858x483.jpg\" class=\"lazyload img-fluid\"\/><br \/>\n                                                <span class=\"publicity-photo d-block mt-1\">Foto: Pixabay<\/span><\/p><\/div>\n<\/p><\/div>\n<div class=\"section-description section-description-noticias mt-3\">\n<p style=\"text-align:justify\">Em junho de 2025, as exporta\u00e7\u00f5es mundiais de <a href=\"https:\/\/www.agrolink.com.br\/culturas\/cafe\/?utm_source=agrolink-detalhe-noticia&amp;utm_medium=detalhe-noticia&amp;utm_campaign=links-internos\" target=\"_blank\" rel=\"noopener\">caf\u00e9<\/a>\u00a0sol\u00favel atingiram 1,3 milh\u00e3o de sacas de 60 quilos, resultado 47,2% superior ao registrado no mesmo per\u00edodo de 2024, quando foram embarcadas 940 mil sacas. O Brasil se destacou como principal fornecedor global, com 300 mil sacas enviadas ao exterior, o que correspondeu a 23% do volume mundial no m\u00eas.&#13;\n<\/p>\n<p style=\"text-align:justify\">De acordo com informa\u00e7\u00f5es do Observat\u00f3rio do Caf\u00e9, as vendas internacionais de caf\u00e9 torrado tamb\u00e9m cresceram. O volume passou de 50 mil para 80 mil sacas, uma alta de 58,1% em rela\u00e7\u00e3o a junho do ano anterior. No mesmo per\u00edodo, as exporta\u00e7\u00f5es de caf\u00e9 verde somaram 10,23 milh\u00f5es de sacas, avan\u00e7o de 3,3% frente \u00e0s 9,91 milh\u00f5es exportadas em junho de 2024.&#13;\n<\/p>\n<p style=\"text-align:justify\">Na composi\u00e7\u00e3o geral das exporta\u00e7\u00f5es de junho, os gr\u00e3os verdes mantiveram participa\u00e7\u00e3o predominante, representando cerca de 87% do volume total. O caf\u00e9 sol\u00favel respondeu por aproximadamente 11%, consolidando o Brasil como l\u00edder nesse segmento. J\u00e1 o caf\u00e9 torrado ficou com uma fatia de 0,7%.&#13;\n<\/p>\n<p style=\"text-align:justify\">Segundo a an\u00e1lise, \u201cos n\u00fameros refor\u00e7am a relev\u00e2ncia estrutural dos gr\u00e3os verdes no com\u00e9rcio internacional, mas tamb\u00e9m evidenciam o dinamismo crescente do mercado de sol\u00favel e a expans\u00e3o consistente do segmento de caf\u00e9s torrados\u201d.<\/p>\n<\/p><\/div>\n<\/p><\/div>\n<p><script data-cfasync=\"false\">\n    !function (f, b, e, v, n, t, s) {\n        if (f.fbq) return; n = f.fbq = function () {\n            n.callMethod ?\n                n.callMethod.apply(n, arguments) : n.queue.push(arguments)\n        };\n        if (!f._fbq) f._fbq = n; n.push = n; n.loaded = !0; n.version = '2.0';\n        n.queue = []; t = b.createElement(e); t.async = !0;\n        t.src = v; s = b.getElementsByTagName(e)[0];\n        s.parentNode.insertBefore(t, s)\n    }(window, document, 'script',\n        'https:\/\/connect.facebook.net\/en_US\/fbevents.js');\n    fbq('init', '522546078623747');\n    fbq('track', 'PageView');\n<\/script><br \/>\n<br \/><br \/>\n<br \/><a href=\"https:\/\/www.agrolink.com.br\/noticias\/brasil-lidera-embarques-de-cafe-soluvel-no-mundo_505482.html\">Source link <\/a><\/p>\n","protected":false},"excerpt":{"rendered":"<p>&#13; Exporta\u00e7\u00f5es de caf\u00e9 sol\u00favel crescem 47% em junho&#13; &#13; Agrolink&#13; &#13; &#8211; Seane Lennon&#13; &#13; Publicado em 01\/09\/2025 \u00e0s<\/p>\n","protected":false},"author":1,"featured_media":15576,"comment_status":"open","ping_status":"open","sticky":false,"template":"","format":"standard","meta":{"_monsterinsights_skip_tracking":false,"_monsterinsights_sitenote_active":false,"_monsterinsights_sitenote_note":"","_monsterinsights_sitenote_category":0,"_uf_show_specific_survey":0,"_uf_disable_surveys":false,"footnotes":""},"categories":[8,1,14],"tags":[],"class_list":["post-19543","post","type-post","status-publish","format-standard","has-post-thumbnail","hentry","category-agro","category-news","category-politica-agro"],"_links":{"self":[{"href":"https:\/\/agromt.news\/index.php?rest_route=\/wp\/v2\/posts\/19543"}],"collection":[{"href":"https:\/\/agromt.news\/index.php?rest_route=\/wp\/v2\/posts"}],"about":[{"href":"https:\/\/agromt.news\/index.php?rest_route=\/wp\/v2\/types\/post"}],"author":[{"embeddable":true,"href":"https:\/\/agromt.news\/index.php?rest_route=\/wp\/v2\/users\/1"}],"replies":[{"embeddable":true,"href":"https:\/\/agromt.news\/index.php?rest_route=%2Fwp%2Fv2%2Fcomments&post=19543"}],"version-history":[{"count":0,"href":"https:\/\/agromt.news\/index.php?rest_route=\/wp\/v2\/posts\/19543\/revisions"}],"wp:featuredmedia":[{"embeddable":true,"href":"https:\/\/agromt.news\/index.php?rest_route=\/wp\/v2\/media\/15576"}],"wp:attachment":[{"href":"https:\/\/agromt.news\/index.php?rest_route=%2Fwp%2Fv2%2Fmedia&parent=19543"}],"wp:term":[{"taxonomy":"category","embeddable":true,"href":"https:\/\/agromt.news\/index.php?rest_route=%2Fwp%2Fv2%2Fcategories&post=19543"},{"taxonomy":"post_tag","embeddable":true,"href":"https:\/\/agromt.news\/index.php?rest_route=%2Fwp%2Fv2%2Ftags&post=19543"}],"curies":[{"name":"wp","href":"https:\/\/api.w.org\/{rel}","templated":true}]}}