{"id":19542,"date":"2025-09-02T02:49:28","date_gmt":"2025-09-02T06:49:28","guid":{"rendered":"https:\/\/agromt.news\/?p=19542"},"modified":"2025-09-02T02:49:28","modified_gmt":"2025-09-02T06:49:28","slug":"milho-fecha-agosto-em-alta-na-b3-e-em-chicago","status":"publish","type":"post","link":"https:\/\/agromt.news\/?p=19542","title":{"rendered":"Milho fecha agosto em alta na B3 e em Chicago"},"content":{"rendered":"<p> <br \/>\n<\/p>\n<div>\n<p>O mercado de <a href=\"https:\/\/www.agrolink.com.br\/culturas\/milho?utm_source=agrolink-detalhe-noticia&amp;utm_medium=detalhe-noticia&amp;utm_campaign=links-internos&#9;\" target=\"_blank\" rel=\"noopener\">milho<\/a> encerrou agosto com valoriza\u00e7\u00e3o nas principais bolsas, impulsionado por maior atividade dos compradores e perspectivas de alta no segundo semestre. Segundo a TF Agroecon\u00f4mica, as cota\u00e7\u00f5es na B3 ganharam f\u00f4lego com a valoriza\u00e7\u00e3o do d\u00f3lar e da bolsa de Chicago, enquanto no f\u00edsico, vendedores ainda focados na <a href=\"https:\/\/www.agrolink.com.br\/culturas\/soja?utm_source=agrolink-detalhe-noticia&amp;utm_medium=detalhe-noticia&amp;utm_campaign=links-internos\" target=\"_blank\" rel=\"noopener\">soja<\/a> buscaram melhores propostas.&#13;\n<\/p>\n<p>Na B3, os contratos futuros fecharam com varia\u00e7\u00f5es mistas no dia, mas o balan\u00e7o mensal foi positivo. O contrato de novembro\/25 subiu 2,55% no m\u00eas, fechando a R$ 69,52, enquanto a m\u00e9dia Cepea avan\u00e7ou 1,18%. O vencimento de janeiro\/26 encerrou a R$ 71,95, com alta acumulada de R$ 0,30 na semana. No geral, o milho f\u00edsico tamb\u00e9m apresentou valoriza\u00e7\u00e3o, refletindo maior procura por lotes dispon\u00edveis ap\u00f3s o fim da colheita.<\/p>\n<p>Em Chicago, o milho tamb\u00e9m registrou alta sustentada pela demanda. O contrato de setembro, refer\u00eancia para a safrinha brasileira, subiu 3,24%, fechando a $ 398,00 cents\/bushel, e o de dezembro avan\u00e7ou 2,50%, a $ 420,25 cents\/bushel. Fundos de investimento nos EUA aproveitaram os pre\u00e7os mais baixos para cobrir posi\u00e7\u00f5es vendidas, enquanto a forte procura externa e interna, incluindo poss\u00edveis compras do Vietn\u00e3, sustentou os pre\u00e7os mesmo com a imin\u00eancia de uma colheita recorde americana.&#13;\n<\/p>\n<p>O resultado foi um cen\u00e1rio positivo para milho no dia, na semana e no m\u00eas. Na B3, o acumulado de agosto trouxe leve alta nas m\u00e9dias, enquanto em Chicago, o avan\u00e7o mensal foi de 1,57%, refletindo um mercado firme diante da demanda consistente e das expectativas de continuidade da valoriza\u00e7\u00e3o nos pr\u00f3ximos meses.<br \/>&#13;<br \/>\n\u00a0<\/p>\n<\/p><\/div>\n<p><script data-cfasync=\"false\">\n    !function (f, b, e, v, n, t, s) {\n        if (f.fbq) return; n = f.fbq = function () {\n            n.callMethod ?\n                n.callMethod.apply(n, arguments) : n.queue.push(arguments)\n        };\n        if (!f._fbq) f._fbq = n; n.push = n; n.loaded = !0; n.version = '2.0';\n        n.queue = []; t = b.createElement(e); t.async = !0;\n        t.src = v; s = b.getElementsByTagName(e)[0];\n        s.parentNode.insertBefore(t, s)\n    }(window, document, 'script',\n        'https:\/\/connect.facebook.net\/en_US\/fbevents.js');\n    fbq('init', '522546078623747');\n    fbq('track', 'PageView');\n<\/script><br \/>\n<br \/><br \/>\n<br \/><a href=\"https:\/\/www.agrolink.com.br\/noticias\/milho-fecha-agosto-em-alta-na-b3-e-em-chicago_505483.html\">Source link <\/a><\/p>\n","protected":false},"excerpt":{"rendered":"<p>O mercado de milho encerrou agosto com valoriza\u00e7\u00e3o nas principais bolsas, impulsionado por maior atividade dos compradores e perspectivas de<\/p>\n","protected":false},"author":1,"featured_media":2009,"comment_status":"open","ping_status":"open","sticky":false,"template":"","format":"standard","meta":{"_monsterinsights_skip_tracking":false,"_monsterinsights_sitenote_active":false,"_monsterinsights_sitenote_note":"","_monsterinsights_sitenote_category":0,"_uf_show_specific_survey":0,"_uf_disable_surveys":false,"footnotes":""},"categories":[8,1,14],"tags":[],"class_list":["post-19542","post","type-post","status-publish","format-standard","has-post-thumbnail","hentry","category-agro","category-news","category-politica-agro"],"_links":{"self":[{"href":"https:\/\/agromt.news\/index.php?rest_route=\/wp\/v2\/posts\/19542"}],"collection":[{"href":"https:\/\/agromt.news\/index.php?rest_route=\/wp\/v2\/posts"}],"about":[{"href":"https:\/\/agromt.news\/index.php?rest_route=\/wp\/v2\/types\/post"}],"author":[{"embeddable":true,"href":"https:\/\/agromt.news\/index.php?rest_route=\/wp\/v2\/users\/1"}],"replies":[{"embeddable":true,"href":"https:\/\/agromt.news\/index.php?rest_route=%2Fwp%2Fv2%2Fcomments&post=19542"}],"version-history":[{"count":0,"href":"https:\/\/agromt.news\/index.php?rest_route=\/wp\/v2\/posts\/19542\/revisions"}],"wp:featuredmedia":[{"embeddable":true,"href":"https:\/\/agromt.news\/index.php?rest_route=\/wp\/v2\/media\/2009"}],"wp:attachment":[{"href":"https:\/\/agromt.news\/index.php?rest_route=%2Fwp%2Fv2%2Fmedia&parent=19542"}],"wp:term":[{"taxonomy":"category","embeddable":true,"href":"https:\/\/agromt.news\/index.php?rest_route=%2Fwp%2Fv2%2Fcategories&post=19542"},{"taxonomy":"post_tag","embeddable":true,"href":"https:\/\/agromt.news\/index.php?rest_route=%2Fwp%2Fv2%2Ftags&post=19542"}],"curies":[{"name":"wp","href":"https:\/\/api.w.org\/{rel}","templated":true}]}}