{"id":19525,"date":"2025-09-01T19:13:04","date_gmt":"2025-09-01T23:13:04","guid":{"rendered":"https:\/\/agromt.news\/?p=19525"},"modified":"2025-09-01T19:13:04","modified_gmt":"2025-09-01T23:13:04","slug":"precos-do-boi-gordo-hoje-confira-as-cotacoes-no-1o-dia-de-setembro","status":"publish","type":"post","link":"https:\/\/agromt.news\/?p=19525","title":{"rendered":"Pre\u00e7os do boi gordo hoje: confira as cota\u00e7\u00f5es no 1\u00ba dia de setembro"},"content":{"rendered":"<p> <br \/>\n<\/p>\n<div>\n<figure><img decoding=\"async\" src=\"https:\/\/agromt.news\/wp-content\/uploads\/2024\/09\/boiada_carne_Pantanal.jpg\" alt=\"boiada, carne org\u00e2nica do Pantanal, boi\" \/><figcaption>Foto: Raquel Brunelli\/Embrapa<\/figcaption><\/figure>\n<\/div>\n<p>O mercado f\u00edsico do boi gordo iniciou a semana sem apresentar mudan\u00e7as significativas no padr\u00e3o das negocia\u00e7\u00f5es, com acomoda\u00e7\u00e3o nas principais pra\u00e7as pecu\u00e1rias.<\/p>\n<p>De acordo com o analista da consultoria Safras &amp; Mercado Fernando Henrique Iglesias, os frigor\u00edficos, em especial os de maior porte, ainda disp\u00f5em de animais de parceria (contratos a termo), al\u00e9m da utiliza\u00e7\u00e3o de confinamento pr\u00f3prio para suprir suas necessidades, o que mant\u00e9m uma frente de relativo conforto em suas escalas de abate. <\/p>\n<p>&#8220;A demanda ainda \u00e9 um ponto relevante a ser considerado, em especial quando se trata das exporta\u00e7\u00f5es, em um ritmo acelerado de embarques no decorrer do ano&#8221;, disse.<\/p>\n<h2 class=\"wp-block-heading\" id=\"h-precos-medios-da-arroba-do-boi\">Pre\u00e7os m\u00e9dios da arroba do boi<\/h2>\n<ul class=\"wp-block-list\">\n<li><strong>S\u00e3o Paulo:<\/strong> R$ 313,58 \u2014 na sexta: R$ 313,00<\/li>\n<li><strong>Goi\u00e1s:<\/strong> R$ 307,86 \u2014 R$ 307,14<\/li>\n<li><strong>Minas Gerais: <\/strong>R$ 303,24 \u2014 R$ 304,12<\/li>\n<li><strong>Mato Grosso do Sul:<\/strong> R$ 316,14 \u2014 R$ 316,59<\/li>\n<li><strong>Mato Grosso:<\/strong> R$ 313,72 \u2014 R$ 313,18<\/li>\n<\/ul>\n<h2 class=\"wp-block-heading\" id=\"h-mercado-atacadista\">Mercado atacadista<\/h2>\n<p>O mercado atacadista teve pre\u00e7os firmes para a carne bovina nesta segunda-feira (1). Segundo Iglesias, o ambiente de neg\u00f3cios ainda sugere por reajustes dos pre\u00e7os ao longo da primeira quinzena do m\u00eas, considerando a entrada dos sal\u00e1rios na economia como motivador da reposi\u00e7\u00e3o entre atacado e varejo. <\/p>\n<ul class=\"wp-block-list\">\n<li><em>Veja em primeira m\u00e3o tudo sobre agricultura, pecu\u00e1ria, economia e previs\u00e3o do tempo:<\/em><a href=\"https:\/\/news.google.com\/publications\/CAAqBwgKMPKZlQswq_mqAw?hl=pt-BR&amp;gl=BR&amp;ceid=BR%3Apt-419\" target=\"_blank\" rel=\"noreferrer noopener\">\u00a0<em>siga o Canal Rural no Google News!<\/em><\/a><\/li>\n<\/ul>\n<p>&#8220;Por outro lado, a carne de frango ainda disp\u00f5e de maior competitividade ante as prote\u00ednas concorrentes, em especial se comparado a <strong><a href=\"https:\/\/www.canalrural.com.br\/tag\/carne\/\">carne bovina<\/a><\/strong>&#8220;, ressalta.<\/p>\n<p>O quarto traseiro segue cotado a R$ 22,90, por quilo; o quarto dianteiro ainda \u00e9 precificado a R$ 18,25, por quilo; e a ponta de agulha segue no patamar de R$ 17,25.<\/p>\n<h2 class=\"wp-block-heading\" id=\"h-cambio\">C\u00e2mbio<\/h2>\n<p>O d\u00f3lar comercial encerrou em alta de 0,31%, sendo negociado a R$ 5,4390 para venda e a R$ 5,4370 para compra. Durante o dia, a moeda norte-americana oscilou entre a m\u00ednima de R$ 5,4154 e a m\u00e1xima de R$ 5,4494.<\/p>\n<p>O post <a href=\"https:\/\/www.canalrural.com.br\/pecuaria\/precos-do-boi-gordo-hoje-confira-as-cotacoes-no-1o-dia-de-setembro\/\">Pre\u00e7os do boi gordo hoje: confira as cota\u00e7\u00f5es no 1\u00ba dia de setembro<\/a> apareceu primeiro em <a href=\"https:\/\/www.canalrural.com.br\">Canal Rural<\/a>.<\/p>\n<p><br \/>\n<br \/><a href=\"https:\/\/www.canalrural.com.br\/pecuaria\/precos-do-boi-gordo-hoje-confira-as-cotacoes-no-1o-dia-de-setembro\/\">Source link <\/a><\/p>\n","protected":false},"excerpt":{"rendered":"<p>Foto: Raquel Brunelli\/Embrapa O mercado f\u00edsico do boi gordo iniciou a semana sem apresentar mudan\u00e7as significativas no padr\u00e3o das negocia\u00e7\u00f5es,<\/p>\n","protected":false},"author":1,"featured_media":12501,"comment_status":"open","ping_status":"open","sticky":false,"template":"","format":"standard","meta":{"_monsterinsights_skip_tracking":false,"_monsterinsights_sitenote_active":false,"_monsterinsights_sitenote_note":"","_monsterinsights_sitenote_category":0,"_uf_show_specific_survey":0,"_uf_disable_surveys":false,"footnotes":""},"categories":[1],"tags":[],"class_list":["post-19525","post","type-post","status-publish","format-standard","has-post-thumbnail","hentry","category-news"],"_links":{"self":[{"href":"https:\/\/agromt.news\/index.php?rest_route=\/wp\/v2\/posts\/19525"}],"collection":[{"href":"https:\/\/agromt.news\/index.php?rest_route=\/wp\/v2\/posts"}],"about":[{"href":"https:\/\/agromt.news\/index.php?rest_route=\/wp\/v2\/types\/post"}],"author":[{"embeddable":true,"href":"https:\/\/agromt.news\/index.php?rest_route=\/wp\/v2\/users\/1"}],"replies":[{"embeddable":true,"href":"https:\/\/agromt.news\/index.php?rest_route=%2Fwp%2Fv2%2Fcomments&post=19525"}],"version-history":[{"count":0,"href":"https:\/\/agromt.news\/index.php?rest_route=\/wp\/v2\/posts\/19525\/revisions"}],"wp:featuredmedia":[{"embeddable":true,"href":"https:\/\/agromt.news\/index.php?rest_route=\/wp\/v2\/media\/12501"}],"wp:attachment":[{"href":"https:\/\/agromt.news\/index.php?rest_route=%2Fwp%2Fv2%2Fmedia&parent=19525"}],"wp:term":[{"taxonomy":"category","embeddable":true,"href":"https:\/\/agromt.news\/index.php?rest_route=%2Fwp%2Fv2%2Fcategories&post=19525"},{"taxonomy":"post_tag","embeddable":true,"href":"https:\/\/agromt.news\/index.php?rest_route=%2Fwp%2Fv2%2Ftags&post=19525"}],"curies":[{"name":"wp","href":"https:\/\/api.w.org\/{rel}","templated":true}]}}