{"id":19524,"date":"2025-09-01T19:00:28","date_gmt":"2025-09-01T23:00:28","guid":{"rendered":"https:\/\/agromt.news\/?p=19524"},"modified":"2025-09-01T19:00:28","modified_gmt":"2025-09-01T23:00:28","slug":"fatores-de-alta-e-baixa-2","status":"publish","type":"post","link":"https:\/\/agromt.news\/?p=19524","title":{"rendered":"fatores de alta e baixa"},"content":{"rendered":"<p> <br \/>\n<\/p>\n<div>\n<p>O mercado global de <a href=\"https:\/\/www.agrolink.com.br\/culturas\/trigo\/?utm_source=agrolink-detalhe-noticia&amp;utm_medium=detalhe-noticia&amp;utm_campaign=links-internos\" target=\"_blank\" rel=\"noopener\">trigo<\/a> apresenta movimentos mistos, com fatores de alta e baixa impactando os pre\u00e7os nos \u00faltimos meses. Segundo a TF Agroecon\u00f4mica, a Ucr\u00e2nia registrou uma redu\u00e7\u00e3o de 24,62% nas exporta\u00e7\u00f5es de <a href=\"https:\/\/www.agrolink.com.br\/culturas\/trigo\/?utm_source=agrolink-detalhe-noticia&amp;utm_medium=detalhe-noticia&amp;utm_campaign=links-internos\" target=\"_blank\" rel=\"noopener\">trigo<\/a> entre 1\u00ba de julho e 28 de agosto de 2025, embarcando 2,55 milh\u00f5es de toneladas contra 3,39 milh\u00f5es de toneladas no mesmo per\u00edodo do ano anterior, influenciando positivamente os pre\u00e7os internacionais. No Brasil, a expectativa de uma safra menor, apesar do bom desenvolvimento das \u00e1reas plantadas, tamb\u00e9m deve pressionar os valores, mas apenas ap\u00f3s o per\u00edodo de colheita, que deve se estender de setembro de 2025 a janeiro\/fevereiro de 2026.&#13;\n<\/p>\n<p>Entre os fatores que exercem press\u00e3o de baixa sobre os pre\u00e7os est\u00e1 o avan\u00e7o r\u00e1pido da colheita de trigo de primavera nos Estados Unidos, nas Grandes Plan\u00edcies do Norte, que se beneficiam de clima seco e favorecem uma maior oferta ao mercado. A Austr\u00e1lia tamb\u00e9m projeta uma produ\u00e7\u00e3o acima do esperado, estimada entre 32 e 35 milh\u00f5es de toneladas, acima das 31 milh\u00f5es indicadas pelo USDA, contribuindo para reduzir os pre\u00e7os globais.<\/p>\n<p>A situa\u00e7\u00e3o na Argentina \u00e9 favor\u00e1vel \u00e0 produ\u00e7\u00e3o, conforme relat\u00f3rio semanal da BCBA \u2013 Bolsa de Cereales de Buenos Aires, que indica que 84,8% da \u00e1rea de trigo possui condi\u00e7\u00f5es h\u00eddricas adequadas ou \u00f3timas, com 99,5% das lavouras em estado normal ou excelente. A BCR, de Ros\u00e1rio, estima uma produ\u00e7\u00e3o de 20,21 milh\u00f5es de toneladas, somada a um saldo do ano anterior de 1,5 milh\u00e3o de toneladas, aumentando em 4 milh\u00f5es de toneladas a disponibilidade de trigo no pa\u00eds, pressionando o mercado.&#13;\n<\/p>\n<p>No Brasil, a aproxima\u00e7\u00e3o da colheita tamb\u00e9m contribuiu para o recuo dos pre\u00e7os de forma sazonal. Dados do CEPEA apontam queda de 1,14% no Paran\u00e1 e 4,67% no Rio Grande do Sul ao longo do m\u00eas, refletindo o aumento da oferta local antes do in\u00edcio da colheita e refor\u00e7ando o comportamento t\u00edpico do mercado interno nesse per\u00edodo.<br \/>&#13;<br \/>\n\u00a0<\/p>\n<\/p><\/div>\n<p><script data-cfasync=\"false\">\n    !function (f, b, e, v, n, t, s) {\n        if (f.fbq) return; n = f.fbq = function () {\n            n.callMethod ?\n                n.callMethod.apply(n, arguments) : n.queue.push(arguments)\n        };\n        if (!f._fbq) f._fbq = n; n.push = n; n.loaded = !0; n.version = '2.0';\n        n.queue = []; t = b.createElement(e); t.async = !0;\n        t.src = v; s = b.getElementsByTagName(e)[0];\n        s.parentNode.insertBefore(t, s)\n    }(window, document, 'script',\n        'https:\/\/connect.facebook.net\/en_US\/fbevents.js');\n    fbq('init', '522546078623747');\n    fbq('track', 'PageView');\n<\/script><br \/>\n<br \/><br \/>\n<br \/><a href=\"https:\/\/www.agrolink.com.br\/noticias\/mercado-de-trigo--fatores-de-alta-e-baixa_505492.html\">Source link <\/a><\/p>\n","protected":false},"excerpt":{"rendered":"<p>O mercado global de trigo apresenta movimentos mistos, com fatores de alta e baixa impactando os pre\u00e7os nos \u00faltimos meses.<\/p>\n","protected":false},"author":1,"featured_media":5382,"comment_status":"open","ping_status":"open","sticky":false,"template":"","format":"standard","meta":{"_monsterinsights_skip_tracking":false,"_monsterinsights_sitenote_active":false,"_monsterinsights_sitenote_note":"","_monsterinsights_sitenote_category":0,"_uf_show_specific_survey":0,"_uf_disable_surveys":false,"footnotes":""},"categories":[8,1,14],"tags":[],"class_list":["post-19524","post","type-post","status-publish","format-standard","has-post-thumbnail","hentry","category-agro","category-news","category-politica-agro"],"_links":{"self":[{"href":"https:\/\/agromt.news\/index.php?rest_route=\/wp\/v2\/posts\/19524"}],"collection":[{"href":"https:\/\/agromt.news\/index.php?rest_route=\/wp\/v2\/posts"}],"about":[{"href":"https:\/\/agromt.news\/index.php?rest_route=\/wp\/v2\/types\/post"}],"author":[{"embeddable":true,"href":"https:\/\/agromt.news\/index.php?rest_route=\/wp\/v2\/users\/1"}],"replies":[{"embeddable":true,"href":"https:\/\/agromt.news\/index.php?rest_route=%2Fwp%2Fv2%2Fcomments&post=19524"}],"version-history":[{"count":0,"href":"https:\/\/agromt.news\/index.php?rest_route=\/wp\/v2\/posts\/19524\/revisions"}],"wp:featuredmedia":[{"embeddable":true,"href":"https:\/\/agromt.news\/index.php?rest_route=\/wp\/v2\/media\/5382"}],"wp:attachment":[{"href":"https:\/\/agromt.news\/index.php?rest_route=%2Fwp%2Fv2%2Fmedia&parent=19524"}],"wp:term":[{"taxonomy":"category","embeddable":true,"href":"https:\/\/agromt.news\/index.php?rest_route=%2Fwp%2Fv2%2Fcategories&post=19524"},{"taxonomy":"post_tag","embeddable":true,"href":"https:\/\/agromt.news\/index.php?rest_route=%2Fwp%2Fv2%2Ftags&post=19524"}],"curies":[{"name":"wp","href":"https:\/\/api.w.org\/{rel}","templated":true}]}}