{"id":19521,"date":"2025-09-01T18:16:56","date_gmt":"2025-09-01T22:16:56","guid":{"rendered":"https:\/\/agromt.news\/?p=19521"},"modified":"2025-09-01T18:16:56","modified_gmt":"2025-09-01T22:16:56","slug":"brasil-enfrenta-calorao-em-setembro-chuvas-a-vista-irao-castigar-as-regioes","status":"publish","type":"post","link":"https:\/\/agromt.news\/?p=19521","title":{"rendered":"Brasil enfrenta &#8216;calor\u00e3o&#8217; em setembro; chuvas \u00e0 vista ir\u00e3o &#8216;castigar&#8217; as regi\u00f5es?"},"content":{"rendered":"<p> <br \/>\n<br \/><img decoding=\"async\" src=\"https:\/\/agromt.news\/wp-content\/uploads\/2025\/08\/Frente-fria-se-afasta-e-temperaturas-sobem-veja-a-previsao.jpg\" \/><\/p>\n<div>\n<p>O in\u00edcio de setembro indica a forma\u00e7\u00e3o de um <a href=\"https:\/\/www.canalrural.com.br\/?s=ciclone+\">ciclone <\/a>pr\u00f3ximo \u00e0 Argentina, que deve provocar temporais localizados no Mato Grosso do Sul. No entanto, n\u00e3o h\u00e1 previs\u00e3o de chuva volumosa para o Brasil Central neste come\u00e7o de m\u00eas.<\/p>\n<p><iframe title=\"Brasil enfrenta &#039;calor\u00e3o&#039; em setembro; chuvas \u00e0 vista ir\u00e3o &#039;castigar&#039; as regi\u00f5es?\" width=\"800\" height=\"450\" src=\"https:\/\/www.youtube.com\/embed\/gJ5rjWsQi-I?feature=oembed\" frameborder=\"0\" allow=\"accelerometer; autoplay; clipboard-write; encrypted-media; gyroscope; picture-in-picture; web-share\" referrerpolicy=\"strict-origin-when-cross-origin\" allowfullscreen><\/iframe><noscript><iframe title=\"Brasil enfrenta &#039;calor\u00e3o&#039; em setembro; chuvas \u00e0 vista ir\u00e3o &#039;castigar&#039; as regi\u00f5es?\" width=\"800\" height=\"450\" src=\"https:\/\/www.youtube.com\/embed\/gJ5rjWsQi-I?feature=oembed\" frameborder=\"0\" allow=\"accelerometer; autoplay; clipboard-write; encrypted-media; gyroscope; picture-in-picture; web-share\" referrerpolicy=\"strict-origin-when-cross-origin\" allowfullscreen><\/iframe><\/noscript><\/p>\n<ul class=\"wp-block-list\">\n<li><strong><em>Fique por dentro das novidades e not\u00edcias recentes sobre a soja! Participe da nossa comunidade atrav\u00e9s do\u00a0<a href=\"https:\/\/chat.whatsapp.com\/BmMRwA0TZ2DHGyhzoaVEWu\">link<\/a>! \ud83c\udf31<\/em><\/strong><\/li>\n<\/ul>\n<p>As <a href=\"https:\/\/www.canalrural.com.br\/?s=tempo\">temperaturas <\/a>seguem elevadas, principalmente no Centro-Oeste, no interior do Matopiba e no Sudeste, com m\u00e1ximas que podem chegar aos 40\u00b0C nas regi\u00f5es mais quentes do interior. Essa tend\u00eancia se mant\u00e9m at\u00e9 meados de setembro, aproximadamente entre os dias 20 e 22, quando come\u00e7a oficialmente a primavera.<\/p>\n<h2 class=\"wp-block-heading\" id=\"h-quando-as-chuvas-chegam\">Quando as chuvas chegam? <\/h2>\n<p>A previs\u00e3o indica que as chuvas devem se intensificar apenas no final do m\u00eas, o que \u00e9 importante para o planejamento dos <a href=\"https:\/\/www.canalrural.com.br\/agricultura\/projeto-soja-brasil\/\">produtores <\/a>de soja. Para o Sudeste, o interior do Matopiba e o Centro-Oeste, a chuva deve voltar acima da m\u00e9dia, mas de forma gradual. <\/p>\n<\/div>\n<div>\n<p>Nos pr\u00f3ximos cinco dias, portanto, n\u00e3o se espera precipita\u00e7\u00e3o no Brasil Central. Essa condi\u00e7\u00e3o se mant\u00e9m at\u00e9 a pr\u00f3xima semana, antes do fechamento da primeira quinzena.<\/p>\n<h2 class=\"wp-block-heading\" id=\"h-chuva-em-ms\">Chuva em MS<\/h2>\n<p>Para S\u00e3o Gabriel do Oeste (MS)  a previs\u00e3o aponta pouca chuva entre os dias 10 e 12, com acumulados de cerca de 10 mm. Somente a partir do dia 22 \u00e9 que as chuvas devem ganhar ritmo, somando aproximadamente 50 mm, o que garantir\u00e1 reposi\u00e7\u00e3o h\u00eddrica adequada do solo. <\/p>\n<p>Entre os dias 7 e 11 de setembro, ainda n\u00e3o h\u00e1 expectativa de chuva volumosa no interior da regi\u00e3o, exceto em Rond\u00f4nia e no noroeste de Mato Grosso.<\/p>\n<h2 class=\"wp-block-heading\" id=\"h-o-que-o-produtor-deve-esperar\">O que o produtor deve esperar <\/h2>\n<p>Portanto, os produtores que planejam iniciar a semeadura da safra 2025\/26 devem tomar cuidado: at\u00e9 a virada do m\u00eas, as temperaturas devem permanecer elevadas, e a chuva  s\u00f3 deve ocorrer na \u00faltima semana de setembro.<\/p>\n<\/p><\/div>\n<p><br \/>\n<br \/><a href=\"https:\/\/www.canalrural.com.br\/agricultura\/projeto-soja-brasil\/brasil-enfrenta-calorao-em-setembro-chuvas-a-vista-irao-castigar-as-regioes\/\">Source link <\/a><\/p>\n","protected":false},"excerpt":{"rendered":"<p>O in\u00edcio de setembro indica a forma\u00e7\u00e3o de um ciclone pr\u00f3ximo \u00e0 Argentina, que deve provocar temporais localizados no Mato<\/p>\n","protected":false},"author":1,"featured_media":13715,"comment_status":"open","ping_status":"open","sticky":false,"template":"","format":"standard","meta":{"_monsterinsights_skip_tracking":false,"_monsterinsights_sitenote_active":false,"_monsterinsights_sitenote_note":"","_monsterinsights_sitenote_category":0,"_uf_show_specific_survey":0,"_uf_disable_surveys":false,"footnotes":""},"categories":[1],"tags":[],"class_list":["post-19521","post","type-post","status-publish","format-standard","has-post-thumbnail","hentry","category-news"],"_links":{"self":[{"href":"https:\/\/agromt.news\/index.php?rest_route=\/wp\/v2\/posts\/19521"}],"collection":[{"href":"https:\/\/agromt.news\/index.php?rest_route=\/wp\/v2\/posts"}],"about":[{"href":"https:\/\/agromt.news\/index.php?rest_route=\/wp\/v2\/types\/post"}],"author":[{"embeddable":true,"href":"https:\/\/agromt.news\/index.php?rest_route=\/wp\/v2\/users\/1"}],"replies":[{"embeddable":true,"href":"https:\/\/agromt.news\/index.php?rest_route=%2Fwp%2Fv2%2Fcomments&post=19521"}],"version-history":[{"count":0,"href":"https:\/\/agromt.news\/index.php?rest_route=\/wp\/v2\/posts\/19521\/revisions"}],"wp:featuredmedia":[{"embeddable":true,"href":"https:\/\/agromt.news\/index.php?rest_route=\/wp\/v2\/media\/13715"}],"wp:attachment":[{"href":"https:\/\/agromt.news\/index.php?rest_route=%2Fwp%2Fv2%2Fmedia&parent=19521"}],"wp:term":[{"taxonomy":"category","embeddable":true,"href":"https:\/\/agromt.news\/index.php?rest_route=%2Fwp%2Fv2%2Fcategories&post=19521"},{"taxonomy":"post_tag","embeddable":true,"href":"https:\/\/agromt.news\/index.php?rest_route=%2Fwp%2Fv2%2Ftags&post=19521"}],"curies":[{"name":"wp","href":"https:\/\/api.w.org\/{rel}","templated":true}]}}