{"id":19517,"date":"2025-09-01T17:49:15","date_gmt":"2025-09-01T21:49:15","guid":{"rendered":"https:\/\/agromt.news\/?p=19517"},"modified":"2025-09-01T17:49:15","modified_gmt":"2025-09-01T21:49:15","slug":"hortensia-e-resgatada-em-projeto-que-une-turismo-educacao-e-identidade-rural","status":"publish","type":"post","link":"https:\/\/agromt.news\/?p=19517","title":{"rendered":"Hort\u00eansia \u00e9 resgatada em projeto que une turismo, educa\u00e7\u00e3o e identidade rural"},"content":{"rendered":"<p> <br \/>\n<br \/><img decoding=\"async\" src=\"https:\/\/agromt.news\/wp-content\/uploads\/2025\/09\/Hortensia-e-resgatada-em-projeto-que-une-turismo-educacao-e.jpeg\" \/><\/p>\n<div>\n<p>O Projeto Hort\u00eansias ser\u00e1 lan\u00e7ado durante a 37\u00aa edi\u00e7\u00e3o do Festuris, em <a href=\"https:\/\/www.canalrural.com.br\/tag\/gramado\/\">Gramado<\/a>, com o objetivo de resgatar a flor como s\u00edmbolo cultural da Regi\u00e3o das Hort\u00eansias, na Serra Ga\u00facha, Rio Grande do Sul. <\/p>\n<p>Em 2025, foram plantadas mais de 1,2 milh\u00e3o de mudas em Gramado e outras 120 mil em Canela, refor\u00e7ando a presen\u00e7a da flor na regi\u00e3o.<\/p>\n<p>Segundo a CEO do Festuris, Marta Rossi, o projeto busca reviver o valor simb\u00f3lico da hort\u00eansia como express\u00e3o de hospitalidade, cuidado com o territ\u00f3rio e pertencimento, aproximando alunos das escolas municipais de empres\u00e1rios e profissionais do turismo.<\/p>\n<p>\u201cTrabalhar o turismo desde a escola, especialmente em cidades com voca\u00e7\u00e3o tur\u00edstica, \u00e9 fundamental para formar cidad\u00e3os conscientes do valor que a hospitalidade tem em nossa cultura. O Projeto Hort\u00eansias refor\u00e7a esse elo entre educa\u00e7\u00e3o, identidade local e desenvolvimento sustent\u00e1vel do turismo\u201d, destaca.<\/p>\n<p>A hort\u00eansia \u00e9 recolocada no centro de um processo de reconex\u00e3o com as origens da regi\u00e3o, onde turismo, comunidade e paisagem sempre caminharam juntos.<\/p>\n<\/div>\n<div>\n<h2 class=\"wp-block-heading\" id=\"h-iniciativa-educacional\">Iniciativa educacional<\/h2>\n<p>Um dos pilares do projeto \u00e9 a integra\u00e7\u00e3o com a rede de ensino. Alunos participar\u00e3o de atividades que incluem a distribui\u00e7\u00e3o de materiais did\u00e1ticos, oficinas e conte\u00fados sobre a import\u00e2ncia da hort\u00eansia como s\u00edmbolo local. A iniciativa visa construir um legado cultural desde a inf\u00e2ncia, conectando gera\u00e7\u00f5es por meio da flor que moldou a identidade da cidade.<\/p>\n<p>Al\u00e9m disso, est\u00e3o previstas a\u00e7\u00f5es de plantio de hort\u00eansias, cria\u00e7\u00e3o de um livro infantil e um jogo pedag\u00f3gico, refor\u00e7ando o compromisso com a educa\u00e7\u00e3o e conhecimento local. <\/p>\n<h2 class=\"wp-block-heading\" id=\"h-feira-internacional-de-turismo-de-gramado\">Feira Internacional de Turismo de Gramado<\/h2>\n<p>A Feira Internacional de Turismo de Gramado (Festuris) \u00e9 realizada anualmente na Serra Ga\u00facha, no Rio Grande do Sul. Criada h\u00e1 mais de tr\u00eas d\u00e9cadas, a feira se consolidou como um dos principais eventos de neg\u00f3cios tur\u00edsticos das Am\u00e9ricas, reunindo empresas, destinos e profissionais do setor.<\/p>\n<p>O encontro promove networking, troca de experi\u00eancias e debates sobre temas relevantes para o turismo mundial, al\u00e9m de contribuir para o desenvolvimento da atividade no pa\u00eds.<\/p>\n<hr class=\"wp-block-separator has-alpha-channel-opacity\"\/>\n<p><strong>Programa\u00e7\u00e3o<\/strong> <strong>da Festuris<\/strong><\/p>\n<ul class=\"wp-block-list\">\n<li><strong>Data: <\/strong>06 a 09 de novembro de 2025<\/li>\n<li><strong>Hor\u00e1rio:<\/strong> a partir das 8h30<\/li>\n<li><strong>Onde: <\/strong>Serra Park, Gramado, Rio Grande do Sul.<\/li>\n<li>Saiba mais no <a href=\"https:\/\/www.festurisgramado.com\/\">site<\/a> do evento.<\/li>\n<\/ul><\/div>\n<p><br \/>\n<br \/><a href=\"https:\/\/www.canalrural.com.br\/nacional\/rio-grande-do-sul\/hortensia-e-resgatada-em-projeto-que-une-turismo-educacao-e-identidade-rural\/\">Source link <\/a><\/p>\n","protected":false},"excerpt":{"rendered":"<p>O Projeto Hort\u00eansias ser\u00e1 lan\u00e7ado durante a 37\u00aa edi\u00e7\u00e3o do Festuris, em Gramado, com o objetivo de resgatar a flor<\/p>\n","protected":false},"author":1,"featured_media":19518,"comment_status":"open","ping_status":"open","sticky":false,"template":"","format":"standard","meta":{"_monsterinsights_skip_tracking":false,"_monsterinsights_sitenote_active":false,"_monsterinsights_sitenote_note":"","_monsterinsights_sitenote_category":0,"_uf_show_specific_survey":0,"_uf_disable_surveys":false,"footnotes":""},"categories":[1],"tags":[],"class_list":["post-19517","post","type-post","status-publish","format-standard","has-post-thumbnail","hentry","category-news"],"_links":{"self":[{"href":"https:\/\/agromt.news\/index.php?rest_route=\/wp\/v2\/posts\/19517"}],"collection":[{"href":"https:\/\/agromt.news\/index.php?rest_route=\/wp\/v2\/posts"}],"about":[{"href":"https:\/\/agromt.news\/index.php?rest_route=\/wp\/v2\/types\/post"}],"author":[{"embeddable":true,"href":"https:\/\/agromt.news\/index.php?rest_route=\/wp\/v2\/users\/1"}],"replies":[{"embeddable":true,"href":"https:\/\/agromt.news\/index.php?rest_route=%2Fwp%2Fv2%2Fcomments&post=19517"}],"version-history":[{"count":0,"href":"https:\/\/agromt.news\/index.php?rest_route=\/wp\/v2\/posts\/19517\/revisions"}],"wp:featuredmedia":[{"embeddable":true,"href":"https:\/\/agromt.news\/index.php?rest_route=\/wp\/v2\/media\/19518"}],"wp:attachment":[{"href":"https:\/\/agromt.news\/index.php?rest_route=%2Fwp%2Fv2%2Fmedia&parent=19517"}],"wp:term":[{"taxonomy":"category","embeddable":true,"href":"https:\/\/agromt.news\/index.php?rest_route=%2Fwp%2Fv2%2Fcategories&post=19517"},{"taxonomy":"post_tag","embeddable":true,"href":"https:\/\/agromt.news\/index.php?rest_route=%2Fwp%2Fv2%2Ftags&post=19517"}],"curies":[{"name":"wp","href":"https:\/\/api.w.org\/{rel}","templated":true}]}}