{"id":19516,"date":"2025-09-01T17:35:02","date_gmt":"2025-09-01T21:35:02","guid":{"rendered":"https:\/\/agromt.news\/?p=19516"},"modified":"2025-09-01T17:35:02","modified_gmt":"2025-09-01T21:35:02","slug":"como-ficaram-os-precos-de-soja-no-primeiro-dia-de-setembro","status":"publish","type":"post","link":"https:\/\/agromt.news\/?p=19516","title":{"rendered":"Como ficaram os pre\u00e7os de soja no primeiro dia de setembro?"},"content":{"rendered":"<p> <br \/>\n<br \/><img decoding=\"async\" src=\"https:\/\/agromt.news\/wp-content\/uploads\/2024\/11\/Inflacao-e-gastos-publicos-o-que-esperar-do-proximo-ano.jpg\" \/><\/p>\n<div>\n<p>O <a href=\"https:\/\/www.canalrural.com.br\/agricultura\/projeto-soja-brasil\/agosto-traz-precos-mais-altos-para-a-soja-no-brasil-mercado-aquece-na-largada\/\">mercado brasileiro<\/a> de soja iniciou a semana com <a href=\"https:\/\/www.canalrural.com.br\/?s=comercializa%C3%A7%C3%A3o+de+soja\">comercializa\u00e7\u00e3o <\/a>travada e pre\u00e7os estabilizados. O analista e consultor da <a href=\"https:\/\/safras.com.br\/\">Safras &amp; Mercado<\/a>, Rafael Silveira, destacou que n\u00e3o houve neg\u00f3cios de volume consistente.<\/p>\n<ul class=\"wp-block-list\">\n<li><strong><em>Fique por dentro das novidades e not\u00edcias recentes sobre a soja! Participe da nossa comunidade atrav\u00e9s do\u00a0<a href=\"https:\/\/chat.whatsapp.com\/BmMRwA0TZ2DHGyhzoaVEWu\">link<\/a>! \ud83c\udf31<\/em><\/strong><\/li>\n<\/ul>\n<p>\u201cSempre aparece um lote ou outro, mas nada de volume. A comercializa\u00e7\u00e3o j\u00e1 estava lenta na semana passada e agora parou de vez\u201d, disse Silveira. \u201cSem Chicago, hoje foi feriado nos Estados Unidos. Ningu\u00e9m quer arriscar, mesmo com essa alta leve do d\u00f3lar\u201d, completou.<\/p>\n<p>O consultor ressalta que os pre\u00e7os observados nesta segunda-feira s\u00e3o apenas uma refer\u00eancia. \u201cNa safra antecipada tamb\u00e9m quase n\u00e3o tivemos movimento, ningu\u00e9m fixando. No geral, dia bem parado, todo mundo s\u00f3 esperando a CBOT\u201d, acrescentou.<\/p>\n<p>O cen\u00e1rio reflete uma combina\u00e7\u00e3o de fatores: a aus\u00eancia de neg\u00f3cios de volume, o feriado nos Estados Unidos e a cautela dos produtores e tradings diante das expectativas para a Bolsa de Chicago (CBOT), principal refer\u00eancia internacional para a soja.<\/p>\n<\/div>\n<div>\n<p>No mercado f\u00edsico, os pre\u00e7os no Brasil foram:<\/p>\n<ul class=\"wp-block-list\">\n<li><strong>Passo Fundo (RS)<\/strong>: manteve em R$ 134,00<\/li>\n<li><strong>Santa Rosa (RS)<\/strong>: manteve em R$ 135,00<\/li>\n<li><strong>Rio Grande (RS)<\/strong>: manteve em R$ 139,00<\/li>\n<li><strong>Cascavel (PR)<\/strong>: manteve em R$ 135,00<\/li>\n<li><strong>Paranagu\u00e1 (PR)<\/strong>: manteve em R$ 140,00<\/li>\n<li><strong>Rondon\u00f3polis (MT)<\/strong>: manteve em R$ 126,00<\/li>\n<li><strong>Dourados (MS)<\/strong>: manteve em R$ 127,00<\/li>\n<li><strong>Rio Verde (GO)<\/strong>: manteve em R$ 125,00<\/li>\n<\/ul>\n<h2 class=\"wp-block-heading\" id=\"h-soja-em-chicago\">Soja em Chicago <\/h2>\n<p>Devido ao feriado do Dia do Trabalho nos Estados Unidos, n\u00e3o houve preg\u00e3o nesta segunda-feira na Bolsa de Mercadorias de Chicago (CBOT). As opera\u00e7\u00f5es ser\u00e3o retomadas na ter\u00e7a-feira.<\/p>\n<h2 class=\"wp-block-heading\" id=\"h-cambio\">C\u00e2mbio <\/h2>\n<p>O d\u00f3lar comercial encerrou em alta de 0,31%, sendo negociado a R$ 5,4390 para venda e R$ 5,4370 para compra. Durante o dia, a moeda norte-americana oscilou entre a m\u00ednima de R$ 5,4154 e a m\u00e1xima de R$ 5,449<\/p>\n<\/p><\/div>\n<p><br \/>\n<br \/><a href=\"https:\/\/www.canalrural.com.br\/agricultura\/projeto-soja-brasil\/como-ficaram-os-precos-da-soja-no-primeiro-dia-de-setembro\/\">Source link <\/a><\/p>\n","protected":false},"excerpt":{"rendered":"<p>O mercado brasileiro de soja iniciou a semana com comercializa\u00e7\u00e3o travada e pre\u00e7os estabilizados. O analista e consultor da Safras<\/p>\n","protected":false},"author":1,"featured_media":16954,"comment_status":"open","ping_status":"open","sticky":false,"template":"","format":"standard","meta":{"_monsterinsights_skip_tracking":false,"_monsterinsights_sitenote_active":false,"_monsterinsights_sitenote_note":"","_monsterinsights_sitenote_category":0,"_uf_show_specific_survey":0,"_uf_disable_surveys":false,"footnotes":""},"categories":[1],"tags":[],"class_list":["post-19516","post","type-post","status-publish","format-standard","has-post-thumbnail","hentry","category-news"],"_links":{"self":[{"href":"https:\/\/agromt.news\/index.php?rest_route=\/wp\/v2\/posts\/19516"}],"collection":[{"href":"https:\/\/agromt.news\/index.php?rest_route=\/wp\/v2\/posts"}],"about":[{"href":"https:\/\/agromt.news\/index.php?rest_route=\/wp\/v2\/types\/post"}],"author":[{"embeddable":true,"href":"https:\/\/agromt.news\/index.php?rest_route=\/wp\/v2\/users\/1"}],"replies":[{"embeddable":true,"href":"https:\/\/agromt.news\/index.php?rest_route=%2Fwp%2Fv2%2Fcomments&post=19516"}],"version-history":[{"count":0,"href":"https:\/\/agromt.news\/index.php?rest_route=\/wp\/v2\/posts\/19516\/revisions"}],"wp:featuredmedia":[{"embeddable":true,"href":"https:\/\/agromt.news\/index.php?rest_route=\/wp\/v2\/media\/16954"}],"wp:attachment":[{"href":"https:\/\/agromt.news\/index.php?rest_route=%2Fwp%2Fv2%2Fmedia&parent=19516"}],"wp:term":[{"taxonomy":"category","embeddable":true,"href":"https:\/\/agromt.news\/index.php?rest_route=%2Fwp%2Fv2%2Fcategories&post=19516"},{"taxonomy":"post_tag","embeddable":true,"href":"https:\/\/agromt.news\/index.php?rest_route=%2Fwp%2Fv2%2Ftags&post=19516"}],"curies":[{"name":"wp","href":"https:\/\/api.w.org\/{rel}","templated":true}]}}