{"id":19515,"date":"2025-09-01T17:21:00","date_gmt":"2025-09-01T21:21:00","guid":{"rendered":"https:\/\/agromt.news\/?p=19515"},"modified":"2025-09-01T17:21:00","modified_gmt":"2025-09-01T21:21:00","slug":"imea-mantem-estimativa-de-queda-de-729-na-producao-de-soja-em-mt","status":"publish","type":"post","link":"https:\/\/agromt.news\/?p=19515","title":{"rendered":"Imea mant\u00e9m estimativa de queda de 7,29% na produ\u00e7\u00e3o de soja em MT"},"content":{"rendered":"<p> <br \/>\n<br \/><img decoding=\"async\" src=\"https:\/\/agromt.news\/wp-content\/uploads\/2025\/07\/Saiba-as-projecoes-do-USDA-para-a-producao-de-soja.jpeg\" \/><\/p>\n<div>\n<p>O Instituto Mato-Grossense de Economia Agropecu\u00e1ria (<a href=\"https:\/\/www.imea.com.br\/imea-site\/\">Imea<\/a>) manteve a proje\u00e7\u00e3o de <a href=\"https:\/\/www.canalrural.com.br\/agricultura\/projeto-soja-brasil\/\">produ\u00e7\u00e3o <\/a>de soja em Mato Grosso para a safra 2025\/26 em 47,18 milh\u00f5es de toneladas, o que representa uma queda de 7,29% em rela\u00e7\u00e3o ao ciclo anterior. Os dados foram divulgados nesta segunda-feira (1\u00ba) no relat\u00f3rio de oferta e demanda da institui\u00e7\u00e3o.<\/p>\n<ul class=\"wp-block-list\">\n<li><strong><em>Fique por dentro das novidades e not\u00edcias recentes sobre a soja! Participe da nossa comunidade atrav\u00e9s do\u00a0<a href=\"https:\/\/chat.whatsapp.com\/BmMRwA0TZ2DHGyhzoaVEWu\">link<\/a>! \ud83c\udf31<\/em><\/strong><\/li>\n<\/ul>\n<p>Segundo o NOAA, a primeira quinzena de setembro deve registrar aus\u00eancia de chuvas em grande parte do estado, cen\u00e1rio que pode comprometer a germina\u00e7\u00e3o das lavouras e atrasar o in\u00edcio do plantio. <\/p>\n<p>Al\u00e9m do clima adverso, pesam sobre a temporada fatores como custos de produ\u00e7\u00e3o elevados, pre\u00e7os futuros em baixa e juros altos, que limitam os investimentos.<\/p>\n<\/div>\n<div>\n<h3 class=\"wp-block-heading\" id=\"h-oferta-e-demanda-de-soja\">Oferta e demanda de soja <\/h3>\n<p>Entre janeiro e julho de 2025, as exporta\u00e7\u00f5es de soja de Mato Grosso avan\u00e7aram 2,49% em compara\u00e7\u00e3o ao mesmo per\u00edodo de 2023, quando o estado registrou recorde de embarques. Com esse desempenho, o Imea manteve a previs\u00e3o de exporta\u00e7\u00f5es da safra 2024\/25 em 30,80 milh\u00f5es de toneladas.<\/p>\n<p>O esmagamento tamb\u00e9m segue aquecido, puxado pela demanda por \u00f3leo de soja diante do aumento da mistura obrigat\u00f3ria de biodiesel, mantendo a proje\u00e7\u00e3o de consumo interno em 12,99 milh\u00f5es de toneladas. Os estoques finais da safra 2024\/25 foram estimados em 1,36 milh\u00e3o de toneladas.<\/p>\n<p>Para a safra 2025\/26, o Imea prev\u00ea exporta\u00e7\u00f5es de 29,83 milh\u00f5es de toneladas, uma redu\u00e7\u00e3o de 3,16% frente ao ciclo anterior. O processamento, por outro lado, deve crescer, com expectativa de 13,24 milh\u00f5es de toneladas destinadas ao esmagamento, impulsionado pelo avan\u00e7o do biodiesel. J\u00e1 os estoques finais foram projetados em 0,94 milh\u00e3o de tonelada, queda de 31,04% na compara\u00e7\u00e3o anual.<\/p>\n<\/p><\/div>\n<p><br \/>\n<br \/><a href=\"https:\/\/www.canalrural.com.br\/agricultura\/projeto-soja-brasil\/imea-mantem-estimativa-de-queda-de-729-na-producao-de-soja-em-mt\/\">Source link <\/a><\/p>\n","protected":false},"excerpt":{"rendered":"<p>O Instituto Mato-Grossense de Economia Agropecu\u00e1ria (Imea) manteve a proje\u00e7\u00e3o de produ\u00e7\u00e3o de soja em Mato Grosso para a safra<\/p>\n","protected":false},"author":1,"featured_media":16039,"comment_status":"open","ping_status":"open","sticky":false,"template":"","format":"standard","meta":{"_monsterinsights_skip_tracking":false,"_monsterinsights_sitenote_active":false,"_monsterinsights_sitenote_note":"","_monsterinsights_sitenote_category":0,"_uf_show_specific_survey":0,"_uf_disable_surveys":false,"footnotes":""},"categories":[1],"tags":[],"class_list":["post-19515","post","type-post","status-publish","format-standard","has-post-thumbnail","hentry","category-news"],"_links":{"self":[{"href":"https:\/\/agromt.news\/index.php?rest_route=\/wp\/v2\/posts\/19515"}],"collection":[{"href":"https:\/\/agromt.news\/index.php?rest_route=\/wp\/v2\/posts"}],"about":[{"href":"https:\/\/agromt.news\/index.php?rest_route=\/wp\/v2\/types\/post"}],"author":[{"embeddable":true,"href":"https:\/\/agromt.news\/index.php?rest_route=\/wp\/v2\/users\/1"}],"replies":[{"embeddable":true,"href":"https:\/\/agromt.news\/index.php?rest_route=%2Fwp%2Fv2%2Fcomments&post=19515"}],"version-history":[{"count":0,"href":"https:\/\/agromt.news\/index.php?rest_route=\/wp\/v2\/posts\/19515\/revisions"}],"wp:featuredmedia":[{"embeddable":true,"href":"https:\/\/agromt.news\/index.php?rest_route=\/wp\/v2\/media\/16039"}],"wp:attachment":[{"href":"https:\/\/agromt.news\/index.php?rest_route=%2Fwp%2Fv2%2Fmedia&parent=19515"}],"wp:term":[{"taxonomy":"category","embeddable":true,"href":"https:\/\/agromt.news\/index.php?rest_route=%2Fwp%2Fv2%2Fcategories&post=19515"},{"taxonomy":"post_tag","embeddable":true,"href":"https:\/\/agromt.news\/index.php?rest_route=%2Fwp%2Fv2%2Ftags&post=19515"}],"curies":[{"name":"wp","href":"https:\/\/api.w.org\/{rel}","templated":true}]}}