{"id":19511,"date":"2025-09-01T17:04:34","date_gmt":"2025-09-01T21:04:34","guid":{"rendered":"https:\/\/agromt.news\/?p=19511"},"modified":"2025-09-01T17:04:34","modified_gmt":"2025-09-01T21:04:34","slug":"expointer-tem-publico-recorde-em-fim-de-semana-de-estreia","status":"publish","type":"post","link":"https:\/\/agromt.news\/?p=19511","title":{"rendered":"Expointer tem p\u00fablico recorde em fim de semana de estreia"},"content":{"rendered":"<p> <br \/>\n<\/p>\n<div>\n<p style=\"text-align:justify\">Um per\u00edodo de calor at\u00edpico no inverno ga\u00facho contribuiu para que a 48\u00aa Expointer registrasse p\u00fablico recorde no primeiro fim de semana. De acordo com os n\u00fameros oficiais, 258.940 pessoas estiveram no Parque Estadual de Exposi\u00e7\u00f5es Assis Brasil, em Esteio, entre s\u00e1bado (30) e domingo (31). O volume \u00e9 o maior j\u00e1 registrado em dois dias desde o in\u00edcio da s\u00e9rie hist\u00f3rica, h\u00e1 dez anos.&#13;\n<\/p>\n<p style=\"text-align:justify\">No s\u00e1bado, data de abertura da feira, foram contabilizados 119.539 visitantes, n\u00famero que superou a marca hist\u00f3rica para o primeiro dia do evento. O movimento intenso se manteve no domingo, consolidando o novo recorde de p\u00fablico.<\/p>\n<p style=\"text-align:justify\">Al\u00e9m da presen\u00e7a de visitantes, a edi\u00e7\u00e3o deste ano tamb\u00e9m alcan\u00e7ou o maior n\u00famero de animais inscritos em toda a hist\u00f3ria da feira, somando 6.696 exemplares, entre r\u00fasticos e de argola. A ovinocultura aparece como destaque, reunindo 997 ovinos.<\/p>\n<p style=\"text-align:justify\"><a href=\"https:\/\/www.agrolink.com.br\/noticias\/agrolink-marca-presenca-na-expointer-com-cobertura-especial_505471.html?utm_source=agrolink-detalhe-noticia&amp;utm_medium=detalhe-noticia&amp;utm_campaign=links-internos\">Veja tamb\u00e9m:\u00a0Agrolink marca presen\u00e7a na Expointer com cobertura especial <\/a><\/p>\n<p style=\"text-align:justify\">O pavilh\u00e3o das agroind\u00fastrias registrou igualmente n\u00fameros in\u00e9ditos, com 456 empreendimentos reunidos. As vendas no espa\u00e7o tiveram crescimento expressivo: nos dois primeiros dias, o montante chegou a R$ 3.049.992,75, aumento de 35,43% em compara\u00e7\u00e3o com o mesmo per\u00edodo de 2024, quando foram movimentados R$ 2.252.141,87.&#13;\n<\/p>\n<p style=\"text-align:justify\">Com programa\u00e7\u00e3o at\u00e9 7 de setembro, a 48\u00aa Expointer apresenta expositores de m\u00e1quinas e implementos agr\u00edcolas, pecu\u00e1ria de elite, agricultura familiar, artesanato e atra\u00e7\u00f5es culturais. A organiza\u00e7\u00e3o projeta que o p\u00fablico total ultrapasse o da edi\u00e7\u00e3o passada, refor\u00e7ando a feira como vitrine nacional do agroneg\u00f3cio e espa\u00e7o de aproxima\u00e7\u00e3o entre o campo e a cidade.&#13;\n<\/p>\n<p style=\"text-align:justify\">O portal Agrolink acompanha o evento a partir de um est\u00fadio instalado no espa\u00e7o do Sindicato das Ind\u00fastrias de M\u00e1quinas e Implementos Agr\u00edcolas do Rio Grande do Sul (Simers), com entrevistas, reportagens e an\u00e1lises em tempo real.<\/p>\n<\/p><\/div>\n<p><script data-cfasync=\"false\">\n    !function (f, b, e, v, n, t, s) {\n        if (f.fbq) return; n = f.fbq = function () {\n            n.callMethod ?\n                n.callMethod.apply(n, arguments) : n.queue.push(arguments)\n        };\n        if (!f._fbq) f._fbq = n; n.push = n; n.loaded = !0; n.version = '2.0';\n        n.queue = []; t = b.createElement(e); t.async = !0;\n        t.src = v; s = b.getElementsByTagName(e)[0];\n        s.parentNode.insertBefore(t, s)\n    }(window, document, 'script',\n        'https:\/\/connect.facebook.net\/en_US\/fbevents.js');\n    fbq('init', '522546078623747');\n    fbq('track', 'PageView');\n<\/script><br \/>\n<br \/><br \/>\n<br \/><a href=\"https:\/\/www.agrolink.com.br\/noticias\/expointer-tem-publico-recorde-em-fim-de-semana-de-estreia_505493.html\">Source link <\/a><\/p>\n","protected":false},"excerpt":{"rendered":"<p>Um per\u00edodo de calor at\u00edpico no inverno ga\u00facho contribuiu para que a 48\u00aa Expointer registrasse p\u00fablico recorde no primeiro fim<\/p>\n","protected":false},"author":1,"featured_media":19512,"comment_status":"open","ping_status":"open","sticky":false,"template":"","format":"standard","meta":{"_monsterinsights_skip_tracking":false,"_monsterinsights_sitenote_active":false,"_monsterinsights_sitenote_note":"","_monsterinsights_sitenote_category":0,"_uf_show_specific_survey":0,"_uf_disable_surveys":false,"footnotes":""},"categories":[8,1,14],"tags":[],"class_list":["post-19511","post","type-post","status-publish","format-standard","has-post-thumbnail","hentry","category-agro","category-news","category-politica-agro"],"_links":{"self":[{"href":"https:\/\/agromt.news\/index.php?rest_route=\/wp\/v2\/posts\/19511"}],"collection":[{"href":"https:\/\/agromt.news\/index.php?rest_route=\/wp\/v2\/posts"}],"about":[{"href":"https:\/\/agromt.news\/index.php?rest_route=\/wp\/v2\/types\/post"}],"author":[{"embeddable":true,"href":"https:\/\/agromt.news\/index.php?rest_route=\/wp\/v2\/users\/1"}],"replies":[{"embeddable":true,"href":"https:\/\/agromt.news\/index.php?rest_route=%2Fwp%2Fv2%2Fcomments&post=19511"}],"version-history":[{"count":0,"href":"https:\/\/agromt.news\/index.php?rest_route=\/wp\/v2\/posts\/19511\/revisions"}],"wp:featuredmedia":[{"embeddable":true,"href":"https:\/\/agromt.news\/index.php?rest_route=\/wp\/v2\/media\/19512"}],"wp:attachment":[{"href":"https:\/\/agromt.news\/index.php?rest_route=%2Fwp%2Fv2%2Fmedia&parent=19511"}],"wp:term":[{"taxonomy":"category","embeddable":true,"href":"https:\/\/agromt.news\/index.php?rest_route=%2Fwp%2Fv2%2Fcategories&post=19511"},{"taxonomy":"post_tag","embeddable":true,"href":"https:\/\/agromt.news\/index.php?rest_route=%2Fwp%2Fv2%2Ftags&post=19511"}],"curies":[{"name":"wp","href":"https:\/\/api.w.org\/{rel}","templated":true}]}}