{"id":19503,"date":"2025-09-01T15:08:59","date_gmt":"2025-09-01T19:08:59","guid":{"rendered":"https:\/\/agromt.news\/?p=19503"},"modified":"2025-09-01T15:08:59","modified_gmt":"2025-09-01T19:08:59","slug":"produtores-inadimplentes-tambem-devem-ser-incluidos-em-medida-provisoria-diz-farsul","status":"publish","type":"post","link":"https:\/\/agromt.news\/?p=19503","title":{"rendered":"produtores inadimplentes tamb\u00e9m devem ser inclu\u00eddos em Medida Provis\u00f3ria, diz Farsul"},"content":{"rendered":"<p> <br \/>\n<\/p>\n<div>\n<p style=\"text-align:justify\">A Federa\u00e7\u00e3o da Agricultura do Rio Grande do Sul (Farsul) reafirmou, por meio do presidente Gede\u00e3o Pereira, no \u00faltimo s\u00e1bado (30),\u00a0sua posi\u00e7\u00e3o sobre a proposta do Governo Federal para renegocia\u00e7\u00e3o das d\u00edvidas dos produtores rurais durante reuni\u00e3o na Casa da Farsul, no Parque de Exposi\u00e7\u00f5es Assis Brasil, em Esteio. O encontro contou com a presen\u00e7a do presidente da entidade e do secret\u00e1rio de Pol\u00edtica Agr\u00edcola do Minist\u00e9rio da Agricultura e Pecu\u00e1ria (Mapa), Guilherme Campos J\u00fanior, em agenda realizada durante a Expointer.&#13;\n<\/p>\n<p style=\"text-align:justify\">Segundo Pereira, a entidade \u201cmant\u00e9m posi\u00e7\u00e3o favor\u00e1vel \u00e0 transforma\u00e7\u00e3o do PL 5.122 em Medida Provis\u00f3ria\u201d, mas discorda dos par\u00e2metros apresentados pelo Executivo, que indicam prazo reduzido, juros mais elevados e alcance limitado. A proposta foi articulada com intermedia\u00e7\u00e3o do senador Luis Carlos Heinze (PP\/RS), que defende a cria\u00e7\u00e3o de uma linha espec\u00edfica de renegocia\u00e7\u00e3o.<\/p>\n<p style=\"text-align:justify\">A Farsul apresentou contrapontos, entre eles a inclus\u00e3o de d\u00edvidas fora do sistema financeiro tradicional, como com cooperativas de gr\u00e3os, distribuidores de insumos e cerealistas, al\u00e9m das opera\u00e7\u00f5es com recursos livres e juros m\u00e9dios de 3% ao m\u00eas. A entidade tamb\u00e9m defende que produtores inadimplentes possam ser contemplados. &#8220;Produtores em situa\u00e7\u00e3o de inadimpl\u00eancia, j\u00e1 inscritos em cadastros negativos e que comprovem o n\u00e3o cumprimento do contrato por raz\u00f5es clim\u00e1ticas, possam serem inclu\u00eddos na negocia\u00e7\u00e3o&#8221;, apontou.&#13;\n<\/p>\n<p style=\"text-align:justify\">Outro ponto destacado foi a necessidade de garantia de recursos para evitar a repeti\u00e7\u00e3o do ocorrido na Expointer passada, quando uma linha do BNDES atendeu apenas metade da demanda, levando produtores a recorrer ao cr\u00e9dito livre. Por isso, a Federa\u00e7\u00e3o solicita que o valor inicialmente anunciado de R$ 10 bilh\u00f5es seja ampliado para R$ 25 bilh\u00f5es, sendo R$ 15 bilh\u00f5es liberados ainda em 2025 e R$ 10 bilh\u00f5es previstos para 2026.<\/p>\n<p style=\"text-align:justify\">A proposta em discuss\u00e3o prev\u00ea limites de enquadramento de d\u00edvida por produtor: at\u00e9 R$ 250 mil para o Pronaf, R$ 1,5 milh\u00e3o para o Pronamp e R$ 3 milh\u00f5es para os demais produtores, com taxas de juros compat\u00edveis a cada faixa. A Farsul, no entanto, reivindica que d\u00edvidas acima desses valores tamb\u00e9m possam ser renegociadas em condi\u00e7\u00f5es alternativas, com prazos semelhantes, mas juros mais altos.&#13;\n<\/p>\n<p style=\"text-align:justify\">Pereira afirmou que a equipe econ\u00f4mica da entidade est\u00e1 finalizando levantamento que ser\u00e1 entregue ao governo nesta segunda-feira (1\u00ba), detalhando o impacto da linha proposta e o montante que ficar\u00e1 de fora. A Federa\u00e7\u00e3o refor\u00e7ou ainda que, independentemente da Medida Provis\u00f3ria, continuar\u00e1 mobilizada pela aprova\u00e7\u00e3o do PL 5.122 no Congresso Nacional, com apoio da Confedera\u00e7\u00e3o da Agricultura e Pecu\u00e1ria do Brasil (CNA) e da Frente Parlamentar da Agropecu\u00e1ria (FPA). \u201cA urg\u00eancia \u00e9 evidente, porque estamos \u00e0s v\u00e9speras da safra de ver\u00e3o e os produtores precisam de seguran\u00e7a para seguir no campo\u201d, destacou Pereira.\u00a0<\/p>\n<\/p><\/div>\n<p><script data-cfasync=\"false\">\n    !function (f, b, e, v, n, t, s) {\n        if (f.fbq) return; n = f.fbq = function () {\n            n.callMethod ?\n                n.callMethod.apply(n, arguments) : n.queue.push(arguments)\n        };\n        if (!f._fbq) f._fbq = n; n.push = n; n.loaded = !0; n.version = '2.0';\n        n.queue = []; t = b.createElement(e); t.async = !0;\n        t.src = v; s = b.getElementsByTagName(e)[0];\n        s.parentNode.insertBefore(t, s)\n    }(window, document, 'script',\n        'https:\/\/connect.facebook.net\/en_US\/fbevents.js');\n    fbq('init', '522546078623747');\n    fbq('track', 'PageView');\n<\/script><br \/>\n<br \/><br \/>\n<br \/><a href=\"https:\/\/www.agrolink.com.br\/noticias\/renegociacao--produtores-inadimplentes-tambem-devem-ser-incluidos-em-medida-provisoria--diz-farsul_505496.html\">Source link <\/a><\/p>\n","protected":false},"excerpt":{"rendered":"<p>A Federa\u00e7\u00e3o da Agricultura do Rio Grande do Sul (Farsul) reafirmou, por meio do presidente Gede\u00e3o Pereira, no \u00faltimo s\u00e1bado<\/p>\n","protected":false},"author":1,"featured_media":969,"comment_status":"open","ping_status":"open","sticky":false,"template":"","format":"standard","meta":{"_monsterinsights_skip_tracking":false,"_monsterinsights_sitenote_active":false,"_monsterinsights_sitenote_note":"","_monsterinsights_sitenote_category":0,"_uf_show_specific_survey":0,"_uf_disable_surveys":false,"footnotes":""},"categories":[8,1,14],"tags":[],"class_list":["post-19503","post","type-post","status-publish","format-standard","has-post-thumbnail","hentry","category-agro","category-news","category-politica-agro"],"_links":{"self":[{"href":"https:\/\/agromt.news\/index.php?rest_route=\/wp\/v2\/posts\/19503"}],"collection":[{"href":"https:\/\/agromt.news\/index.php?rest_route=\/wp\/v2\/posts"}],"about":[{"href":"https:\/\/agromt.news\/index.php?rest_route=\/wp\/v2\/types\/post"}],"author":[{"embeddable":true,"href":"https:\/\/agromt.news\/index.php?rest_route=\/wp\/v2\/users\/1"}],"replies":[{"embeddable":true,"href":"https:\/\/agromt.news\/index.php?rest_route=%2Fwp%2Fv2%2Fcomments&post=19503"}],"version-history":[{"count":0,"href":"https:\/\/agromt.news\/index.php?rest_route=\/wp\/v2\/posts\/19503\/revisions"}],"wp:featuredmedia":[{"embeddable":true,"href":"https:\/\/agromt.news\/index.php?rest_route=\/wp\/v2\/media\/969"}],"wp:attachment":[{"href":"https:\/\/agromt.news\/index.php?rest_route=%2Fwp%2Fv2%2Fmedia&parent=19503"}],"wp:term":[{"taxonomy":"category","embeddable":true,"href":"https:\/\/agromt.news\/index.php?rest_route=%2Fwp%2Fv2%2Fcategories&post=19503"},{"taxonomy":"post_tag","embeddable":true,"href":"https:\/\/agromt.news\/index.php?rest_route=%2Fwp%2Fv2%2Ftags&post=19503"}],"curies":[{"name":"wp","href":"https:\/\/api.w.org\/{rel}","templated":true}]}}