{"id":19501,"date":"2025-09-01T14:46:07","date_gmt":"2025-09-01T18:46:07","guid":{"rendered":"https:\/\/agromt.news\/?p=19501"},"modified":"2025-09-01T14:46:07","modified_gmt":"2025-09-01T18:46:07","slug":"produtores-em-campo-plantio-de-soja-e-liberado-nesta-segunda-feira-1o-em-regioes-de-sp-e-pr","status":"publish","type":"post","link":"https:\/\/agromt.news\/?p=19501","title":{"rendered":"Produtores em campo: plantio de soja \u00e9 liberado nesta segunda-feira (1\u00ba) em regi\u00f5es de SP e PR"},"content":{"rendered":"<p> <br \/>\n<br \/><img decoding=\"async\" src=\"https:\/\/agromt.news\/wp-content\/uploads\/2025\/09\/Produtores-em-campo-plantio-de-soja-e-liberado-nesta-segunda-feira.jpeg\" \/><\/p>\n<div>\n<p>Al\u00e9m de marcar o in\u00edcio de um novo m\u00eas, esta segunda-feira, 1\u00ba de setembro de 2025, traz a <a href=\"https:\/\/www.canalrural.com.br\/agricultura\/projeto-soja-brasil\/\">libera\u00e7\u00e3o do plantio<\/a> de soja em \u00e1reas de S\u00e3o Paulo e Paran\u00e1. Produtores j\u00e1 podem iniciar a <a href=\"https:\/\/www.canalrural.com.br\/agricultura\/projeto-soja-brasil\/\">semeadura <\/a>nas regi\u00f5es autorizadas pelo <a href=\"https:\/\/www.canalrural.com.br\/agricultura\/projeto-soja-brasil\/fim-do-vazio-sanitario-se-aproxima-prepare-se-para-o-plantio-da-soja\/\">calend\u00e1rio <\/a>do vazio sanit\u00e1rio da ferrugem asi\u00e1tica.<\/p>\n<ul class=\"wp-block-list\">\n<li><strong><em>Fique por dentro das novidades e not\u00edcias recentes sobre a soja! Participe da nossa comunidade atrav\u00e9s do\u00a0<a href=\"https:\/\/chat.whatsapp.com\/BmMRwA0TZ2DHGyhzoaVEWu\">link<\/a>! \ud83c\udf31<\/em><\/strong><\/li>\n<\/ul>\n<h2 class=\"wp-block-heading\" id=\"h-plantio-de-soja-em-sao-paulo\">Plantio de soja em S\u00e3o Paulo <\/h2>\n<p>A Regi\u00e3o I, liberada para plantio a partir de hoje, engloba cidades como \u00c1guas de Santa B\u00e1rbara, Alambari, Alum\u00ednio, Angatuba, Apia\u00ed, Ara\u00e7ariguama, Ara\u00e7oiaba da Serra, Arandu, Avar\u00e9, Bar\u00e3o de Antonina, Barra do Chap\u00e9u, Barra do Turvo, Bernardino de Campos, Boituva, Bom Sucesso de Itarar\u00e9, Buri, Cabre\u00fava, Cajati, Campina do Monte Alegre, Canan\u00e9ia, Canitar, Cap\u00e3o Bonito, Capela do Alto, Cerqueira C\u00e9sar, Cerquilho, Ces\u00e1rio Lange, Chavantes, Coronel Macedo, Eldorado Paulista, Esp\u00edrito Santo do Turvo e Fartura.<\/p>\n<\/div>\n<div>\n<p>Outros munic\u00edpios que tamb\u00e9m fazem parte da regi\u00e3o s\u00e3o: Guapiara, Guare\u00ed, Iaras, Ibi\u00fana, Iguape, Ilha Comprida, Ipau\u00e7u, Iper\u00f3, Iporanga, Itaber\u00e1, Ita\u00ed, Itanha\u00e9m, Itaoca, Itapetininga, Itapeva, Itapirapu\u00e3 Paulista, Itaporanga, Itarar\u00e9, Itariri, Itatinga, It\u00fa, Jacupiranga, Juqui\u00e1, Laranjal Paulista, Mairinque, Manduri, Miracatu, Mongagu\u00e1, Nova Campina, \u00d3leo, Ourinhos, Paranapanema, Pariquera-A\u00e7u, Pedro de Toledo, Pereiras, Peru\u00edbe, Piedade, Pilar do Sul, Piraju, Porangaba, Porto Feliz, Quadra, Registro, Ribeira, Ribeir\u00e3o Branco, Ribeir\u00e3o do Sul, Ribeir\u00e3o Grande, Riversul, Salto, Salto de Pirapora, Salto Grande, Santa Cruz do Rio Pardo, S\u00e3o Miguel Arcanjo, S\u00e3o Pedro do Turvo, S\u00e3o Roque, Sarapu\u00ed, Sarutai\u00e1, Sete Barras, Sorocaba, Tagua\u00ed, Tapira\u00ed, Taquarituba, Taquariva\u00ed, Tatu\u00ed, Tejup\u00e1, Timburi, Torre de Pedra e Votorantim.<\/p>\n<h2 class=\"wp-block-heading\" id=\"h-semeadura-no-parana\">Semeadura no Paran\u00e1 <\/h2>\n<p>No Paran\u00e1, o plantio come\u00e7a hoje nas regi\u00f5es Norte, Noroeste, Centro-Oeste e Oeste do estado (Regi\u00e3o II), onde o vazio sanit\u00e1rio terminou em 31 de agosto. Nesses munic\u00edpios, que incluem as principais \u00e1reas produtoras do estado, a semeadura poder\u00e1 ser realizada de 1\u00ba de setembro a 31 de dezembro de 2025.<\/p>\n<p>Confira o calend\u00e1rio completo <a href=\"https:\/\/www.canalrural.com.br\/agricultura\/projeto-soja-brasil\/fim-do-vazio-sanitario-se-aproxima-prepare-se-para-o-plantio-da-soja\/\">aqui<\/a>.<\/p>\n<\/p><\/div>\n<p><br \/>\n<br \/><a href=\"https:\/\/www.canalrural.com.br\/agricultura\/projeto-soja-brasil\/produtores-em-campo-plantio-de-soja-e-liberado-nesta-segunda-feira-1o-em-regioes-de-sp-e-pr\/\">Source link <\/a><\/p>\n","protected":false},"excerpt":{"rendered":"<p>Al\u00e9m de marcar o in\u00edcio de um novo m\u00eas, esta segunda-feira, 1\u00ba de setembro de 2025, traz a libera\u00e7\u00e3o do<\/p>\n","protected":false},"author":1,"featured_media":19502,"comment_status":"open","ping_status":"open","sticky":false,"template":"","format":"standard","meta":{"_monsterinsights_skip_tracking":false,"_monsterinsights_sitenote_active":false,"_monsterinsights_sitenote_note":"","_monsterinsights_sitenote_category":0,"_uf_show_specific_survey":0,"_uf_disable_surveys":false,"footnotes":""},"categories":[1],"tags":[],"class_list":["post-19501","post","type-post","status-publish","format-standard","has-post-thumbnail","hentry","category-news"],"_links":{"self":[{"href":"https:\/\/agromt.news\/index.php?rest_route=\/wp\/v2\/posts\/19501"}],"collection":[{"href":"https:\/\/agromt.news\/index.php?rest_route=\/wp\/v2\/posts"}],"about":[{"href":"https:\/\/agromt.news\/index.php?rest_route=\/wp\/v2\/types\/post"}],"author":[{"embeddable":true,"href":"https:\/\/agromt.news\/index.php?rest_route=\/wp\/v2\/users\/1"}],"replies":[{"embeddable":true,"href":"https:\/\/agromt.news\/index.php?rest_route=%2Fwp%2Fv2%2Fcomments&post=19501"}],"version-history":[{"count":0,"href":"https:\/\/agromt.news\/index.php?rest_route=\/wp\/v2\/posts\/19501\/revisions"}],"wp:featuredmedia":[{"embeddable":true,"href":"https:\/\/agromt.news\/index.php?rest_route=\/wp\/v2\/media\/19502"}],"wp:attachment":[{"href":"https:\/\/agromt.news\/index.php?rest_route=%2Fwp%2Fv2%2Fmedia&parent=19501"}],"wp:term":[{"taxonomy":"category","embeddable":true,"href":"https:\/\/agromt.news\/index.php?rest_route=%2Fwp%2Fv2%2Fcategories&post=19501"},{"taxonomy":"post_tag","embeddable":true,"href":"https:\/\/agromt.news\/index.php?rest_route=%2Fwp%2Fv2%2Ftags&post=19501"}],"curies":[{"name":"wp","href":"https:\/\/api.w.org\/{rel}","templated":true}]}}