{"id":19499,"date":"2025-09-01T14:31:37","date_gmt":"2025-09-01T18:31:37","guid":{"rendered":"https:\/\/agromt.news\/?p=19499"},"modified":"2025-09-01T14:31:37","modified_gmt":"2025-09-01T18:31:37","slug":"gliricidia-a-leguminosa-que-se-tornou-a-salvacao-do-gado-na-seca-do-semiarido","status":"publish","type":"post","link":"https:\/\/agromt.news\/?p=19499","title":{"rendered":"Gliric\u00eddia: a leguminosa que se tornou a salva\u00e7\u00e3o do gado na seca do semi\u00e1rido"},"content":{"rendered":"<p> <br \/>\n<\/p>\n<div>\n<p>Pecuaristas, a busca por alternativas para garantir alimento de qualidade para o gado na seca \u00e9 crucial para a produtividade da fazenda. Uma planta, a <strong>gliric\u00eddia<\/strong>, uma leguminosa origin\u00e1ria do M\u00e9xico e Am\u00e9rica Central, tem se destacado como uma solu\u00e7\u00e3o para o <strong>semi\u00e1rido brasileiro<\/strong>, que possui um rebanho de mais de <strong>30 milh\u00f5es de cabe\u00e7as<\/strong>. Assista ao v\u00eddeo abaixo e confira.<\/p>\n<figure class=\"wp-block-embed is-type-video is-provider-youtube wp-block-embed-youtube wp-embed-aspect-16-9 wp-has-aspect-ratio\">\n<p>\n<iframe title=\"GLIRIC\u00cdDIA: A LEGUMINOSA QUE SOBREVIVEU \u00c0 SECA PARA SALVAR O GADO NO SEMI\u00c1RIDO\" width=\"800\" height=\"450\" src=\"https:\/\/www.youtube.com\/embed\/V6H_tujtWAI?feature=oembed\" frameborder=\"0\" allow=\"accelerometer; autoplay; clipboard-write; encrypted-media; gyroscope; picture-in-picture; web-share\" referrerpolicy=\"strict-origin-when-cross-origin\" allowfullscreen><\/iframe>\n<\/p>\n<\/figure>\n<p>Nesta entrevista no programa <strong>Giro do Boi<\/strong>, o doutor em zootecnia e pesquisador da <strong>Embrapa<\/strong>, <strong>Rafael Dantas dos Santos<\/strong>, destacou o potencial da gliric\u00eddia.<\/p>\n<p>Ele explica que <a href=\"https:\/\/girodoboi.canalrural.com.br\/pecuaria\/tecnologia-e-inovacao\/gliricidia-a-leguminosa-que-sobreviveu-a-seca-para-salvar-o-gado-no-semiarido\/\">a planta, testada em diversas pesquisas da Embrapa, foi uma das poucas que resistiram a um longo per\u00edodo de defici\u00eancia h\u00eddrica registrado em 2013, no <strong>estado de Sergipe<\/strong><\/a>, provando sua resili\u00eancia e adaptabilidade.<\/p>\n<h2 class=\"wp-block-heading\" id=\"h-gliricidia-uma-alternativa-promissora-para-o-semiarido\">Gliric\u00eddia: uma alternativa promissora para o semi\u00e1rido<\/h2>\n<figure class=\"wp-block-image size-large\"><img fetchpriority=\"high\" decoding=\"async\" width=\"1024\" height=\"576\" src=\"https:\/\/agromt.news\/wp-content\/uploads\/2025\/09\/Gliricidia-a-leguminosa-que-se-tornou-a-salvacao-do-gado.jpg\" alt=\"Gliric\u00eddia. Foto: Divulga\u00e7\u00e3o\/Embrapa Semi\u00e1rido\" class=\"wp-image-4120230\"  \/><figcaption class=\"wp-element-caption\">Gliric\u00eddia. Foto: Divulga\u00e7\u00e3o\/Embrapa Semi\u00e1rido<\/figcaption><\/figure>\n<p>A <strong>gliric\u00eddia<\/strong> tem se mostrado uma op\u00e7\u00e3o promissora para a alimenta\u00e7\u00e3o do rebanho leiteiro. As suas caracter\u00edsticas a tornam ideal para as condi\u00e7\u00f5es desafiadoras do semi\u00e1rido brasileiro:<\/p>\n<\/div>\n<div>\n<ul class=\"wp-block-list\">\n<li><strong>Resist\u00eancia \u00e0 seca:<\/strong> A gliric\u00eddia foi uma das poucas plantas que resistiram a um longo per\u00edodo de seca em Sergipe, provando sua resili\u00eancia e seu potencial para garantir alimento mesmo em condi\u00e7\u00f5es extremas.<\/li>\n<li><strong>Alto teor de prote\u00edna:<\/strong> A planta \u00e9 rica em prote\u00edna, com um teor que pode chegar a <strong>22% de prote\u00edna bruta<\/strong>, o que a torna uma excelente fonte de alimento para o gado, especialmente na seca.<\/li>\n<li><strong>Alta produ\u00e7\u00e3o de massa verde:<\/strong> A gliric\u00eddia produz uma boa quantidade de massa verde, que pode ser armazenada para o per\u00edodo seco, garantindo seguran\u00e7a alimentar para o rebanho.<\/li>\n<li><strong>Cultivo f\u00e1cil e r\u00e1pido:<\/strong> O plantio deve ser feito no in\u00edcio das chuvas. Se a \u00e1rea for irrigada, o primeiro corte pode ser feito em 4 meses. Se for em \u00e1rea de sequeiro, \u00e9 preciso esperar um pouco mais para que as ra\u00edzes se desenvolvam e a planta se estabele\u00e7a.<\/li>\n<\/ul>\n<h2 class=\"wp-block-heading\" id=\"h-producao-de-alimento-e-economia\">Produ\u00e7\u00e3o de alimento e economia<\/h2>\n<figure class=\"wp-block-image size-large\"><img decoding=\"async\" width=\"1024\" height=\"576\" src=\"https:\/\/agromt.news\/wp-content\/uploads\/2025\/09\/1756751497_51_Gliricidia-a-leguminosa-que-se-tornou-a-salvacao-do-gado.jpg\" alt=\"Cons\u00f3rcio de gliric\u00eddia com a palma forrageira. Foto: Divulga\u00e7\u00e3o\/Embrapa Semi\u00e1rido\" class=\"wp-image-4120228\"  \/><figcaption class=\"wp-element-caption\">Cons\u00f3rcio de gliric\u00eddia com a palma forrageira. Foto: Divulga\u00e7\u00e3o\/Embrapa Semi\u00e1rido<\/figcaption><\/figure>\n<p>A <strong>gliric\u00eddia<\/strong> \u00e9 uma alternativa de baixo custo que garante um alimento de boa qualidade para o gado. Segundo o pesquisador, <strong>8 kg da silagem de gliric\u00eddia<\/strong> t\u00eam a mesma quantidade de prote\u00edna e o dobro de mat\u00e9ria seca de <strong>1 kg de farelo de soja<\/strong>, e custa menos da metade do pre\u00e7o, gerando uma economia significativa para o produtor.<\/p>\n<p>A produ\u00e7\u00e3o de alimentos no pr\u00f3prio local, utilizando a m\u00e3o de obra familiar e reduzindo a depend\u00eancia de insumos externos, \u00e9 outra vantagem da gliric\u00eddia. O produtor pode cortar a planta sempre que tiver material para ser armazenado. Quanto mais ele corta, mais a planta se desenvolve e produz.<\/p>\n<p>A <strong>gliric\u00eddia<\/strong> \u00e9 uma solu\u00e7\u00e3o que a Embrapa tem apresentado para os produtores do semi\u00e1rido. A sua resist\u00eancia \u00e0 seca, o alto teor de prote\u00edna e o baixo custo a tornam uma ferramenta estrat\u00e9gica para a pecu\u00e1ria da regi\u00e3o, que busca por mais produtividade e sustentabilidade, com um manejo simples e eficaz.<\/p>\n<\/p><\/div>\n<p><br \/>\n<br \/><a href=\"https:\/\/www.canalrural.com.br\/pecuaria\/gliricidia-a-leguminosa-que-se-tornou-a-salvacao-do-gado-na-seca-do-semiarido\/\">Source link <\/a><\/p>\n","protected":false},"excerpt":{"rendered":"<p>Pecuaristas, a busca por alternativas para garantir alimento de qualidade para o gado na seca \u00e9 crucial para a produtividade<\/p>\n","protected":false},"author":1,"featured_media":19500,"comment_status":"open","ping_status":"open","sticky":false,"template":"","format":"standard","meta":{"_monsterinsights_skip_tracking":false,"_monsterinsights_sitenote_active":false,"_monsterinsights_sitenote_note":"","_monsterinsights_sitenote_category":0,"_uf_show_specific_survey":0,"_uf_disable_surveys":false,"footnotes":""},"categories":[1],"tags":[],"class_list":["post-19499","post","type-post","status-publish","format-standard","has-post-thumbnail","hentry","category-news"],"_links":{"self":[{"href":"https:\/\/agromt.news\/index.php?rest_route=\/wp\/v2\/posts\/19499"}],"collection":[{"href":"https:\/\/agromt.news\/index.php?rest_route=\/wp\/v2\/posts"}],"about":[{"href":"https:\/\/agromt.news\/index.php?rest_route=\/wp\/v2\/types\/post"}],"author":[{"embeddable":true,"href":"https:\/\/agromt.news\/index.php?rest_route=\/wp\/v2\/users\/1"}],"replies":[{"embeddable":true,"href":"https:\/\/agromt.news\/index.php?rest_route=%2Fwp%2Fv2%2Fcomments&post=19499"}],"version-history":[{"count":0,"href":"https:\/\/agromt.news\/index.php?rest_route=\/wp\/v2\/posts\/19499\/revisions"}],"wp:featuredmedia":[{"embeddable":true,"href":"https:\/\/agromt.news\/index.php?rest_route=\/wp\/v2\/media\/19500"}],"wp:attachment":[{"href":"https:\/\/agromt.news\/index.php?rest_route=%2Fwp%2Fv2%2Fmedia&parent=19499"}],"wp:term":[{"taxonomy":"category","embeddable":true,"href":"https:\/\/agromt.news\/index.php?rest_route=%2Fwp%2Fv2%2Fcategories&post=19499"},{"taxonomy":"post_tag","embeddable":true,"href":"https:\/\/agromt.news\/index.php?rest_route=%2Fwp%2Fv2%2Ftags&post=19499"}],"curies":[{"name":"wp","href":"https:\/\/api.w.org\/{rel}","templated":true}]}}