{"id":19497,"date":"2025-09-01T14:03:40","date_gmt":"2025-09-01T18:03:40","guid":{"rendered":"https:\/\/agromt.news\/?p=19497"},"modified":"2025-09-01T14:03:40","modified_gmt":"2025-09-01T18:03:40","slug":"os-desafios-e-oportunidades-do-plano-clima-para-o-agro-brasileiro","status":"publish","type":"post","link":"https:\/\/agromt.news\/?p=19497","title":{"rendered":"Os desafios e oportunidades do Plano Clima para o agro brasileiro"},"content":{"rendered":"<p> <br \/>\n<\/p>\n<div>\n<p>Na \u00faltima semana, encerrou-se o prazo para contribui\u00e7\u00f5es na consulta p\u00fablica sobre o Plano Clima. A iniciativa pretende alinhar o desenvolvimento econ\u00f4mico do pa\u00eds \u00e0s metas de mitiga\u00e7\u00e3o e adapta\u00e7\u00e3o \u00e0s mudan\u00e7as clim\u00e1ticas. <\/p>\n<p>O Plano representa um marco nas pol\u00edticas ambientais brasileiras que, ao mesmo tempo, lan\u00e7a desafios complexos \u00e0 competitividade da agropecu\u00e1ria nacional \u2014 setor fundamental da economia brasileira.<\/p>\n<p>No texto divulgado pelo governo, o Plano Clima contabiliza as emiss\u00f5es de gases de efeito estufa das atividades do agroneg\u00f3cio e do desmatamento, tanto legal quanto ilegal. O resultado? Fica atribu\u00eddo ao setor agropecu\u00e1rio brasileiro 70% das emiss\u00f5es de Uso da Terra, Mudan\u00e7a no Uso da Terra e Florestas (LULUCF), tornando-o o principal respons\u00e1vel pelas emiss\u00f5es totais.<\/p>\n<p>Naturalmente, essa mudan\u00e7a gerou resist\u00eancia do setor. Recai sobre sua responsabilidade, tamb\u00e9m, o cumprimento das metas mais ambiciosas para mitiga\u00e7\u00e3o nos pr\u00f3ximos anos.<\/p>\n<p>Em recente audi\u00eancia p\u00fablica no Senado Federal, governo e setor produtivo evidenciaram a complexidade do tema. De um lado, o Executivo busca concatenar a\u00e7\u00f5es internas que orientem os setores no cumprimento da nova Contribui\u00e7\u00e3o Nacionalmente Determinada (NDC), assumida pelo pa\u00eds junto ao Acordo de Paris. De outro, por\u00e9m, o setor agro cobra o reconhecimento dos ganhos j\u00e1 obtidos em efici\u00eancia produtiva e na captura de carbono, defendendo maior equil\u00edbrio na metodologia de c\u00e1lculo do invent\u00e1rio nacional de emiss\u00f5es. <\/p>\n<\/div>\n<div>\n<p>O governo, inclusive, reconheceu que o c\u00e1lculo \u00e9 limitado e est\u00e1 trabalhando na revis\u00e3o da metodologia. Mas, para al\u00e9m do embate nos c\u00e1lculos do invent\u00e1rio, outro ponto tem chamado a aten\u00e7\u00e3o: o receio do setor de que a amplia\u00e7\u00e3o da responsabiliza\u00e7\u00e3o prejudique sua imagem no mercado internacional.<\/p>\n<p>Aqui, vale ampliarmos a an\u00e1lise para al\u00e9m das quest\u00f5es clim\u00e1ticas. A recente tens\u00e3o comercial com os <strong><a href=\"https:\/\/www.canalrural.com.br\/tag\/estados-unidos\/\">Estados Unidos<\/a><\/strong>, que elevaram as tarifas sobre produtos brasileiros, atingiu diretamente cadeias relevantes, como caf\u00e9 e carne bovina. Al\u00e9m disso, tamb\u00e9m passamos por momentos de negocia\u00e7\u00e3o com a Uni\u00e3o Europeia. Por l\u00e1, o setor enfrenta press\u00f5es crescentes relacionadas a crit\u00e9rios ambientais, o que tem tornado fundamental o estabelecimento de m\u00e9tricas clim\u00e1ticas equilibradas e transparentes.<\/p>\n<p>Apesar de a concep\u00e7\u00e3o do Plano ter ocorrido antes da escalada nas rela\u00e7\u00f5es comerciais, agora \u00e9 importante que o texto leve em considera\u00e7\u00e3o o que o pa\u00eds busca tamb\u00e9m economicamente na amplia\u00e7\u00e3o de mercados. Como bem pontuado na audi\u00eancia p\u00fablica, as metas e a\u00e7\u00f5es tamb\u00e9m t\u00eam um tom pol\u00edtico e podem servir para avan\u00e7ar, ou prejudicar, rela\u00e7\u00f5es comerciais e a imagem do setor.<\/p>\n<p>Al\u00e9m disso, existem preocupa\u00e7\u00f5es com os mecanismos para atingir a meta de fim do desmatamento legal at\u00e9 2030. Um dos pontos principais \u00e9 a cria\u00e7\u00e3o de instrumentos para remunerar produtores que mant\u00eam \u00e1reas preservadas. Est\u00e3o no radar a regulamenta\u00e7\u00e3o do mercado de carbono, fundos para recupera\u00e7\u00e3o de \u00e1reas degradadas, linhas de cr\u00e9dito com juros reduzidos e incentivos financeiros para propriedades com vegeta\u00e7\u00e3o nativa.<\/p>\n<p>O resultado depender\u00e1 de como o governo e o setor ir\u00e3o equilibrar os riscos e as oportunidades. O Plano Clima pode se tornar um vetor de inova\u00e7\u00e3o e lideran\u00e7a internacional nas quest\u00f5es ambientais e clim\u00e1ticas ou, caso n\u00e3o encontre equil\u00edbrio, poder\u00e1 ser fonte de tens\u00f5es adicionais para um setor vital da economia brasileira. A quest\u00e3o n\u00e3o \u00e9 simples \u2014 mas vale o esfor\u00e7o para resolver.<\/p>\n<div class=\"wp-block-media-text is-stacked-on-mobile\">\n<figure class=\"wp-block-media-text__media\"><img fetchpriority=\"high\" decoding=\"async\" width=\"683\" height=\"1024\" alt=\"\" class=\"wp-image-4120236 size-full\"  data-lazy- src=\"https:\/\/agromt.news\/wp-content\/uploads\/2025\/09\/Os-desafios-e-oportunidades-do-Plano-Clima-para-o-agro.jpg\"\/><img decoding=\"async\" width=\"683\" height=\"1024\" src=\"https:\/\/agromt.news\/wp-content\/uploads\/2025\/09\/Os-desafios-e-oportunidades-do-Plano-Clima-para-o-agro.jpg\" alt=\"\" class=\"wp-image-4120236 size-full\"  \/><\/figure>\n<div class=\"wp-block-media-text__content\">\n<p class=\"has-text-align-center\"><strong>*<em>Fernanda C\u00e9sar<\/em><\/strong><em> \u00e9 gerente de An\u00e1lise Pol\u00edtica Federal e de Bens de Consumo. Atua desde 2017 na BMJ Consultores Associados, com ampla experi\u00eancia em rela\u00e7\u00f5es governamentais. \u00c9 bacharel em Ci\u00eancia Pol\u00edtica pela Universidade de Bras\u00edlia (UnB) e p\u00f3s-graduada em Direito e Rela\u00e7\u00f5es Governamentais pelo Centro Universit\u00e1rio de Bras\u00edlia (UniCEUB).<\/em><\/p>\n<\/div>\n<\/div>\n<hr class=\"wp-block-separator has-alpha-channel-opacity\"\/>\n<p><em>O\u00a0<strong>Canal Rural<\/strong>\u00a0n\u00e3o se responsabiliza pelas opini\u00f5es e conceitos emitidos nos textos desta sess\u00e3o, sendo os conte\u00fados de inteira responsabilidade de seus autores. A empresa se reserva o direito de fazer ajustes no texto para adequa\u00e7\u00e3o \u00e0s normas de publica\u00e7\u00e3o.<\/em><\/p>\n<\/p><\/div>\n<p><br \/>\n<br \/><a href=\"https:\/\/www.canalrural.com.br\/opiniao-noticias\/os-desafios-e-oportunidades-do-plano-clima-para-o-agro-brasileiro\/\">Source link <\/a><\/p>\n","protected":false},"excerpt":{"rendered":"<p>Na \u00faltima semana, encerrou-se o prazo para contribui\u00e7\u00f5es na consulta p\u00fablica sobre o Plano Clima. A iniciativa pretende alinhar o<\/p>\n","protected":false},"author":1,"featured_media":19498,"comment_status":"open","ping_status":"open","sticky":false,"template":"","format":"standard","meta":{"_monsterinsights_skip_tracking":false,"_monsterinsights_sitenote_active":false,"_monsterinsights_sitenote_note":"","_monsterinsights_sitenote_category":0,"_uf_show_specific_survey":0,"_uf_disable_surveys":false,"footnotes":""},"categories":[1],"tags":[],"class_list":["post-19497","post","type-post","status-publish","format-standard","has-post-thumbnail","hentry","category-news"],"_links":{"self":[{"href":"https:\/\/agromt.news\/index.php?rest_route=\/wp\/v2\/posts\/19497"}],"collection":[{"href":"https:\/\/agromt.news\/index.php?rest_route=\/wp\/v2\/posts"}],"about":[{"href":"https:\/\/agromt.news\/index.php?rest_route=\/wp\/v2\/types\/post"}],"author":[{"embeddable":true,"href":"https:\/\/agromt.news\/index.php?rest_route=\/wp\/v2\/users\/1"}],"replies":[{"embeddable":true,"href":"https:\/\/agromt.news\/index.php?rest_route=%2Fwp%2Fv2%2Fcomments&post=19497"}],"version-history":[{"count":0,"href":"https:\/\/agromt.news\/index.php?rest_route=\/wp\/v2\/posts\/19497\/revisions"}],"wp:featuredmedia":[{"embeddable":true,"href":"https:\/\/agromt.news\/index.php?rest_route=\/wp\/v2\/media\/19498"}],"wp:attachment":[{"href":"https:\/\/agromt.news\/index.php?rest_route=%2Fwp%2Fv2%2Fmedia&parent=19497"}],"wp:term":[{"taxonomy":"category","embeddable":true,"href":"https:\/\/agromt.news\/index.php?rest_route=%2Fwp%2Fv2%2Fcategories&post=19497"},{"taxonomy":"post_tag","embeddable":true,"href":"https:\/\/agromt.news\/index.php?rest_route=%2Fwp%2Fv2%2Ftags&post=19497"}],"curies":[{"name":"wp","href":"https:\/\/api.w.org\/{rel}","templated":true}]}}