{"id":19494,"date":"2025-09-01T13:12:31","date_gmt":"2025-09-01T17:12:31","guid":{"rendered":"https:\/\/agromt.news\/?p=19494"},"modified":"2025-09-01T13:12:31","modified_gmt":"2025-09-01T17:12:31","slug":"alta-do-milho-puxa-precos-do-trigo-e-da-soja","status":"publish","type":"post","link":"https:\/\/agromt.news\/?p=19494","title":{"rendered":"Alta do milho puxa pre\u00e7os do trigo e da soja"},"content":{"rendered":"<p> <br \/>\n<\/p>\n<div>\n<p>O in\u00edcio de setembro traz mercados agr\u00edcolas internacionais ainda influenciados pelo feriado do Dia do Trabalho nos Estados Unidos. De acordo com o boletim da TF Agroecon\u00f4mica, os pre\u00e7os do <a href=\"https:\/\/www.agrolink.com.br\/culturas\/trigo\/?utm_source=agrolink-detalhe-noticia&amp;utm_medium=detalhe-noticia&amp;utm_campaign=links-internos\" target=\"_blank\" rel=\"noopener\">trigo<\/a>, <a href=\"https:\/\/www.agrolink.com.br\/culturas\/milho?utm_source=agrolink-detalhe-noticia&amp;utm_medium=detalhe-noticia&amp;utm_campaign=links-internos&#9;\" target=\"_blank\" rel=\"noopener\">milho<\/a> e <a href=\"https:\/\/www.agrolink.com.br\/culturas\/soja?utm_source=agrolink-detalhe-noticia&amp;utm_medium=detalhe-noticia&amp;utm_campaign=links-internos\" target=\"_blank\" rel=\"noopener\">soja<\/a> apresentam ajustes moderados, enquanto investidores avaliam posi\u00e7\u00f5es e oportunidades de recompra.&#13;\n<\/p>\n<p>No mercado do trigo, o final do trimestre registrou forte movimenta\u00e7\u00e3o de recompras de posi\u00e7\u00f5es vendidas por fundos, especialmente com os mercados norte-americanos fechados nesta segunda-feira (1\u00ba). Em termos de cota\u00e7\u00f5es, o CEPEA PR se manteve em R$ 1.408,30, sem varia\u00e7\u00e3o di\u00e1ria, mas com recuo de 4,67% no m\u00eas; no CEPEA RS, o pre\u00e7o caiu 0,38% no dia, fechando a R$ 1.283,87. J\u00e1 os pre\u00e7os internacionais seguem variados, com a Argentina e o Paraguai oferecendo volumes competitivos para exporta\u00e7\u00e3o.<\/p>\n<p>A soja, por sua vez, segue a expectativa por desdobramentos nas negocia\u00e7\u00f5es comerciais entre Estados Unidos e China. Enquanto o CEPEA PR interior marcou R$ 134,25 (-0,17% no dia, +1,03% no m\u00eas), o porto de Paranagu\u00e1 cotou R$ 139,56 (-0,07% dia, +0,97% m\u00eas). Paralelamente, a China avalia abastecimento adicional de 10 milh\u00f5es de toneladas de Argentina e Uruguai, estrat\u00e9gia que pode impactar as compras americanas e brasileiras.&#13;\n<\/p>\n<p>O milho se destaca com maior impulso de alta, puxado pelas recompras de lotes nos fundos e pelo desempenho s\u00f3lido das exporta\u00e7\u00f5es dos EUA, superiores a 2 milh\u00f5es de toneladas semanais. Na B3, o contrato SET25 fechou em R$ 65,49 (+0,37%), enquanto o JUL26 marcou R$ 68,80 (-0,14%). Internamente, os pre\u00e7os CEPEA registraram R$ 64,29 (+0,05% dia, +1,18% m\u00eas). Al\u00e9m disso, o setor avan\u00e7a com grandes investimentos, como a parceria entre Amaggi e Inpasa para constru\u00e7\u00e3o de tr\u00eas mega usinas de etanol de milho no Mato Grosso.<br \/>&#13;<br \/>\n\u00a0<\/p>\n<\/p><\/div>\n<p><script data-cfasync=\"false\">\n    !function (f, b, e, v, n, t, s) {\n        if (f.fbq) return; n = f.fbq = function () {\n            n.callMethod ?\n                n.callMethod.apply(n, arguments) : n.queue.push(arguments)\n        };\n        if (!f._fbq) f._fbq = n; n.push = n; n.loaded = !0; n.version = '2.0';\n        n.queue = []; t = b.createElement(e); t.async = !0;\n        t.src = v; s = b.getElementsByTagName(e)[0];\n        s.parentNode.insertBefore(t, s)\n    }(window, document, 'script',\n        'https:\/\/connect.facebook.net\/en_US\/fbevents.js');\n    fbq('init', '522546078623747');\n    fbq('track', 'PageView');\n<\/script><br \/>\n<br \/><br \/>\n<br \/><a href=\"https:\/\/www.agrolink.com.br\/noticias\/alta-do-milho-puxa-precos-do-trigo-e-da-soja_505497.html\">Source link <\/a><\/p>\n","protected":false},"excerpt":{"rendered":"<p>O in\u00edcio de setembro traz mercados agr\u00edcolas internacionais ainda influenciados pelo feriado do Dia do Trabalho nos Estados Unidos. De<\/p>\n","protected":false},"author":1,"featured_media":2566,"comment_status":"open","ping_status":"open","sticky":false,"template":"","format":"standard","meta":{"_monsterinsights_skip_tracking":false,"_monsterinsights_sitenote_active":false,"_monsterinsights_sitenote_note":"","_monsterinsights_sitenote_category":0,"_uf_show_specific_survey":0,"_uf_disable_surveys":false,"footnotes":""},"categories":[8,1,14],"tags":[],"class_list":["post-19494","post","type-post","status-publish","format-standard","has-post-thumbnail","hentry","category-agro","category-news","category-politica-agro"],"_links":{"self":[{"href":"https:\/\/agromt.news\/index.php?rest_route=\/wp\/v2\/posts\/19494"}],"collection":[{"href":"https:\/\/agromt.news\/index.php?rest_route=\/wp\/v2\/posts"}],"about":[{"href":"https:\/\/agromt.news\/index.php?rest_route=\/wp\/v2\/types\/post"}],"author":[{"embeddable":true,"href":"https:\/\/agromt.news\/index.php?rest_route=\/wp\/v2\/users\/1"}],"replies":[{"embeddable":true,"href":"https:\/\/agromt.news\/index.php?rest_route=%2Fwp%2Fv2%2Fcomments&post=19494"}],"version-history":[{"count":0,"href":"https:\/\/agromt.news\/index.php?rest_route=\/wp\/v2\/posts\/19494\/revisions"}],"wp:featuredmedia":[{"embeddable":true,"href":"https:\/\/agromt.news\/index.php?rest_route=\/wp\/v2\/media\/2566"}],"wp:attachment":[{"href":"https:\/\/agromt.news\/index.php?rest_route=%2Fwp%2Fv2%2Fmedia&parent=19494"}],"wp:term":[{"taxonomy":"category","embeddable":true,"href":"https:\/\/agromt.news\/index.php?rest_route=%2Fwp%2Fv2%2Fcategories&post=19494"},{"taxonomy":"post_tag","embeddable":true,"href":"https:\/\/agromt.news\/index.php?rest_route=%2Fwp%2Fv2%2Ftags&post=19494"}],"curies":[{"name":"wp","href":"https:\/\/api.w.org\/{rel}","templated":true}]}}