{"id":19493,"date":"2025-09-01T12:25:18","date_gmt":"2025-09-01T16:25:18","guid":{"rendered":"https:\/\/agromt.news\/?p=19493"},"modified":"2025-09-01T12:25:18","modified_gmt":"2025-09-01T16:25:18","slug":"semana-morna-para-a-soja-atencao-se-volta-ao-clima-no-brasil-com-frio-calor-e-chuvas-no-brasil-no-radar","status":"publish","type":"post","link":"https:\/\/agromt.news\/?p=19493","title":{"rendered":"Semana morna para a soja; aten\u00e7\u00e3o se volta ao clima no Brasil com frio, calor e chuvas no Brasil no radar"},"content":{"rendered":"<p> <br \/>\n<br \/><img decoding=\"async\" src=\"https:\/\/agromt.news\/wp-content\/uploads\/2025\/08\/Soja-segue-em-alta-em-Chicago-numeros-do-USDA-ampliaram.jpg\" \/><\/p>\n<div>\n<p>O <a href=\"https:\/\/www.canalrural.com.br\/agricultura\/projeto-soja-brasil\/agosto-traz-precos-mais-altos-para-a-soja-no-brasil-mercado-aquece-na-largada\/\">mercado <\/a>de soja passou a semana praticamente sem grandes mudan\u00e7as nos pre\u00e7os, com cota\u00e7\u00f5es em Chicago mantendo-se lateralizadas diante de um cen\u00e1rio ainda indefinido. Segundo a plataforma <a href=\"https:\/\/www.graodireto.com.br\/\">Gr\u00e3o Direto<\/a>, o acompanhamento do desdobramento da onda de calor que atingiu o meio-oeste dos Estados Unidos gerou alguma expectativa sobre impactos nas <a href=\"https:\/\/www.canalrural.com.br\/?s=lavouras+de+soja+\">lavouras<\/a>, mas os relat\u00f3rios recentes n\u00e3o trouxeram fatores suficientes para provocar avan\u00e7os.<\/p>\n<ul class=\"wp-block-list\">\n<li><strong><em>Fique por dentro das novidades e not\u00edcias recentes sobre a soja! Participe da nossa comunidade atrav\u00e9s do\u00a0<a href=\"https:\/\/chat.whatsapp.com\/BmMRwA0TZ2DHGyhzoaVEWu\">link<\/a>! \ud83c\udf31<\/em><\/strong><\/li>\n<\/ul>\n<h3 class=\"wp-block-heading\" id=\"h-soja-no-brasil\">Soja no Brasil<\/h3>\n<p>No Brasil, mesmo com o leve recuo em Chicago e o c\u00e2mbio pressionado para baixo, os pr\u00eamios de exporta\u00e7\u00e3o ajudaram a manter os pre\u00e7os firmes. O mercado f\u00edsico operou com ritmo moderado, e o foco dos agentes come\u00e7a a se voltar para a safra 2025\/26, refor\u00e7ando aten\u00e7\u00e3o \u00e0 temporada futura.<\/p>\n<h3 class=\"wp-block-heading\" id=\"h-chicago-acompanha-clima\">Chicago acompanha clima<\/h3>\n<p>Em Chicago, o contrato de soja para setembro de 2025 encerrou a semana cotado a US$ 10,37 por bushel, apresentando leve alta de 0,1%, enquanto o contrato para mar\u00e7o de 2026 recuou 0,37%, fechando a US$ 10,86 por bushel. O d\u00f3lar caiu 0,18%, sendo cotado a R$ 5,42 no final da semana. Pautado em indefini\u00e7\u00f5es, o mercado f\u00edsico apresentou movimentos mistos, refletindo a cautela dos operadores.<\/p>\n<h2 class=\"wp-block-heading\" id=\"h-fatores-internacionais\"><strong>Fatores internacionais <\/strong><\/h2>\n<p>O cen\u00e1rio futuro segue sendo moldado por diferentes fatores. No \u00e2mbito internacional, donos de navios buscam se adequar \u00e0s novas regras do Departamento de Com\u00e9rcio dos Estados Unidos, que estabelecem taxas adicionais para embarca\u00e7\u00f5es de fabrica\u00e7\u00e3o, propriedade ou financiamento chin\u00eas em portos americanos. A medida ainda n\u00e3o \u00e9 lei, mas j\u00e1 movimenta o setor, podendo impactar negativamente exporta\u00e7\u00f5es de gr\u00e3os e compras da China nos EUA.<\/p>\n<\/div>\n<div>\n<h2 class=\"wp-block-heading\" id=\"h-indicadores-economicos-influenciam\"><strong>Indicadores econ\u00f4micos influenciam <\/strong><\/h2>\n<p>No campo econ\u00f4mico, dados de emprego de agosto nos Estados Unidos, especialmente o payroll, podem redefinir as apostas sobre os pr\u00f3ximos passos do Fed. No Brasil, o PIB do segundo trimestre e a produ\u00e7\u00e3o industrial devem refletir os efeitos dos juros altos sobre a atividade econ\u00f4mica, influenciando tamb\u00e9m as expectativas para a Selic. <\/p>\n<p>A agenda local inclui balan\u00e7o da balan\u00e7a comercial, PIB, produ\u00e7\u00e3o industrial e aten\u00e7\u00e3o especial ao PMI industrial, enquanto o cen\u00e1rio externo positivo tende a sustentar o Ibovespa em alta e o d\u00f3lar em baixa, favorecendo tamb\u00e9m a poss\u00edvel queda dos juros na abertura.<\/p>\n<h2 class=\"wp-block-heading\" id=\"h-clima-no-brasil-e-a-nova-safra-de-soja\">Clima no Brasil e a nova safra de soja <\/h2>\n<p>Quanto ao clima, a partir de setembro, frentes frias devem gradualmente romper o bloqueio atmosf\u00e9rico, trazendo pancadas de chuva ainda irregulares nas \u00e1reas centrais, mas com maior consist\u00eancia a partir da segunda quinzena do m\u00eas. Em outubro, o regime \u00famido deve se instalar de forma definitiva, favorecendo o plantio da soja. <\/p>\n<p>De forma geral, o cen\u00e1rio aponta para um in\u00edcio de safra dentro da normalidade clim\u00e1tica, com chuvas mais cedo que no ciclo 2024\/25, embora ainda irregulares em setembro. O maior risco segue sendo a distribui\u00e7\u00e3o irregular e a possibilidade de tempestades localizadas.<\/p>\n<\/p><\/div>\n<p><br \/>\n<br \/><a href=\"https:\/\/www.canalrural.com.br\/agricultura\/projeto-soja-brasil\/semana-morna-para-a-soja-atencao-se-volta-ao-clima-no-brasil-com-frio-calor-e-chuvas-no-brasil-no-radar\/\">Source link <\/a><\/p>\n","protected":false},"excerpt":{"rendered":"<p>O mercado de soja passou a semana praticamente sem grandes mudan\u00e7as nos pre\u00e7os, com cota\u00e7\u00f5es em Chicago mantendo-se lateralizadas diante<\/p>\n","protected":false},"author":1,"featured_media":18496,"comment_status":"open","ping_status":"open","sticky":false,"template":"","format":"standard","meta":{"_monsterinsights_skip_tracking":false,"_monsterinsights_sitenote_active":false,"_monsterinsights_sitenote_note":"","_monsterinsights_sitenote_category":0,"_uf_show_specific_survey":0,"_uf_disable_surveys":false,"footnotes":""},"categories":[1],"tags":[],"class_list":["post-19493","post","type-post","status-publish","format-standard","has-post-thumbnail","hentry","category-news"],"_links":{"self":[{"href":"https:\/\/agromt.news\/index.php?rest_route=\/wp\/v2\/posts\/19493"}],"collection":[{"href":"https:\/\/agromt.news\/index.php?rest_route=\/wp\/v2\/posts"}],"about":[{"href":"https:\/\/agromt.news\/index.php?rest_route=\/wp\/v2\/types\/post"}],"author":[{"embeddable":true,"href":"https:\/\/agromt.news\/index.php?rest_route=\/wp\/v2\/users\/1"}],"replies":[{"embeddable":true,"href":"https:\/\/agromt.news\/index.php?rest_route=%2Fwp%2Fv2%2Fcomments&post=19493"}],"version-history":[{"count":0,"href":"https:\/\/agromt.news\/index.php?rest_route=\/wp\/v2\/posts\/19493\/revisions"}],"wp:featuredmedia":[{"embeddable":true,"href":"https:\/\/agromt.news\/index.php?rest_route=\/wp\/v2\/media\/18496"}],"wp:attachment":[{"href":"https:\/\/agromt.news\/index.php?rest_route=%2Fwp%2Fv2%2Fmedia&parent=19493"}],"wp:term":[{"taxonomy":"category","embeddable":true,"href":"https:\/\/agromt.news\/index.php?rest_route=%2Fwp%2Fv2%2Fcategories&post=19493"},{"taxonomy":"post_tag","embeddable":true,"href":"https:\/\/agromt.news\/index.php?rest_route=%2Fwp%2Fv2%2Ftags&post=19493"}],"curies":[{"name":"wp","href":"https:\/\/api.w.org\/{rel}","templated":true}]}}