{"id":19490,"date":"2025-09-01T11:14:00","date_gmt":"2025-09-01T15:14:00","guid":{"rendered":"https:\/\/agromt.news\/?p=19490"},"modified":"2025-09-01T11:14:00","modified_gmt":"2025-09-01T15:14:00","slug":"mandioca-apresenta-oferta-restrita-e-cotacoes-sobem","status":"publish","type":"post","link":"https:\/\/agromt.news\/?p=19490","title":{"rendered":"Mandioca apresenta oferta restrita e cota\u00e7\u00f5es sobem"},"content":{"rendered":"<p> <br \/>\n<br \/><img decoding=\"async\" src=\"https:\/\/agromt.news\/wp-content\/uploads\/2025\/07\/Centro-Sul-ganha-duas-variedades-de-mandioca-altamente-produtivas.jpg\" \/><\/p>\n<div>\n<p>A oferta de mandioca diminuiu ainda mais na \u00faltima semana, elevando os pre\u00e7os da mat\u00e9ria-prima na maioria das regi\u00f5es acompanhadas. \u00c9 isso o que apontam os levantamentos do <a href=\"https:\/\/www.canalrural.com.br\/tag\/cepea\/\">Centro de Estudos Avan\u00e7ados em Economia Aplicada (Cepea).\u00a0<\/a><\/p>\n<p>Segundo o instituto, produtores que efetuaram as podas das lavouras de 1\u00ba ciclo agora j\u00e1 n\u00e3o disp\u00f5em de ra\u00edzes para entrega. J\u00e1\u00a0 os demais continuam retra\u00eddos por conta da rentabilidade limitada.\u00a0<\/p>\n<p>Al\u00e9m disso, o clima seco em algumas \u00e1reas tamb\u00e9m tem afetado o avan\u00e7o dos trabalhos no campo.\u00a0<\/p>\n<\/div>\n<div>\n<p>Entre 25 e 29 de agosto, o valor m\u00e9dio nominal a prazo da tonelada de mandioca posta fecularia foi de R$ 454,37 (R$ 0,7902\/grama de amido). O valor representa alta de 0,6% em rela\u00e7\u00e3o \u00e0 semana anterior.\u00a0<\/p>\n<p>A m\u00e9dia nominal de agosto, por\u00e9m, caiu 6,3% frente ao m\u00eas anterior e 11,9% sobre igual per\u00edodo do ano passado.<\/p>\n<p><em>*Sob supervis\u00e3o de Luis Roberto Toledo<\/em><\/p>\n<\/p><\/div>\n<p><br \/>\n<br \/><a href=\"https:\/\/www.canalrural.com.br\/agricultura\/mandioca-apresenta-oferta-restrita-e-cotacoes-sobem\/\">Source link <\/a><\/p>\n","protected":false},"excerpt":{"rendered":"<p>A oferta de mandioca diminuiu ainda mais na \u00faltima semana, elevando os pre\u00e7os da mat\u00e9ria-prima na maioria das regi\u00f5es acompanhadas.<\/p>\n","protected":false},"author":1,"featured_media":16230,"comment_status":"open","ping_status":"open","sticky":false,"template":"","format":"standard","meta":{"_monsterinsights_skip_tracking":false,"_monsterinsights_sitenote_active":false,"_monsterinsights_sitenote_note":"","_monsterinsights_sitenote_category":0,"_uf_show_specific_survey":0,"_uf_disable_surveys":false,"footnotes":""},"categories":[1],"tags":[],"class_list":["post-19490","post","type-post","status-publish","format-standard","has-post-thumbnail","hentry","category-news"],"_links":{"self":[{"href":"https:\/\/agromt.news\/index.php?rest_route=\/wp\/v2\/posts\/19490"}],"collection":[{"href":"https:\/\/agromt.news\/index.php?rest_route=\/wp\/v2\/posts"}],"about":[{"href":"https:\/\/agromt.news\/index.php?rest_route=\/wp\/v2\/types\/post"}],"author":[{"embeddable":true,"href":"https:\/\/agromt.news\/index.php?rest_route=\/wp\/v2\/users\/1"}],"replies":[{"embeddable":true,"href":"https:\/\/agromt.news\/index.php?rest_route=%2Fwp%2Fv2%2Fcomments&post=19490"}],"version-history":[{"count":0,"href":"https:\/\/agromt.news\/index.php?rest_route=\/wp\/v2\/posts\/19490\/revisions"}],"wp:featuredmedia":[{"embeddable":true,"href":"https:\/\/agromt.news\/index.php?rest_route=\/wp\/v2\/media\/16230"}],"wp:attachment":[{"href":"https:\/\/agromt.news\/index.php?rest_route=%2Fwp%2Fv2%2Fmedia&parent=19490"}],"wp:term":[{"taxonomy":"category","embeddable":true,"href":"https:\/\/agromt.news\/index.php?rest_route=%2Fwp%2Fv2%2Fcategories&post=19490"},{"taxonomy":"post_tag","embeddable":true,"href":"https:\/\/agromt.news\/index.php?rest_route=%2Fwp%2Fv2%2Ftags&post=19490"}],"curies":[{"name":"wp","href":"https:\/\/api.w.org\/{rel}","templated":true}]}}