{"id":19489,"date":"2025-09-01T10:59:58","date_gmt":"2025-09-01T14:59:58","guid":{"rendered":"https:\/\/agromt.news\/?p=19489"},"modified":"2025-09-01T10:59:58","modified_gmt":"2025-09-01T14:59:58","slug":"precos-das-variedades-encerram-agosto-em-direcoes-opostas","status":"publish","type":"post","link":"https:\/\/agromt.news\/?p=19489","title":{"rendered":"pre\u00e7os das variedades encerram agosto em dire\u00e7\u00f5es opostas"},"content":{"rendered":"<p> <br \/>\n<br \/><img decoding=\"async\" src=\"https:\/\/agromt.news\/wp-content\/uploads\/2025\/07\/precos-seguem-em-queda-mesmo-com-avanco-da-colheita.jpg\" \/><\/p>\n<div>\n<p>Os pre\u00e7os dos feij\u00f5es carioca e preto encerraram agosto em movimentos opostos de acordo com o <a href=\"https:\/\/www.canalrural.com.br\/tag\/cepea\/\">Centro de Estudos Avan\u00e7ados em Economia Aplicada (Cepea).<\/a><\/p>\n<p>No caso do carioca, pesquisadores explicam que a din\u00e2mica de prefer\u00eancia por qualidade e a postura firme dos produtores sustentaram os valores. J\u00e1 para o feij\u00e3o preto, a ampla oferta continua pressionando as cota\u00e7\u00f5es.<\/p>\n<p>Segundo o instituto, um destaque da semana passada foi a publica\u00e7\u00e3o, no Di\u00e1rio Oficial da Uni\u00e3o, da Portaria Interministerial Mapa\/MF\/MPO\/MDA n\u00ba 24, de 23 de julho de 2025.<\/p>\n<\/div>\n<div>\n<p>A portaria promove o estabelecimento de par\u00e2metros da subven\u00e7\u00e3o econ\u00f4mica de feij\u00f5es cores e preto nos estados Paran\u00e1, Santa Catarina e Rio Grande do Sul.<\/p>\n<p>A destina\u00e7\u00e3o dos recursos envolve R$ 21,7 milh\u00f5es por meio dos leil\u00f5es de Pepro (Premio Equalizador Pago ao Produtor Rural) e PEP (Pr\u00eamio para o Escoamento de Produto).<\/p>\n<p><em>*Sob supervis\u00e3o de Luis Roberto Toledo<\/em><\/p>\n<\/p><\/div>\n<p><br \/>\n<br \/><a href=\"https:\/\/www.canalrural.com.br\/agricultura\/feijao-precos-das-variedades-encerram-agosto-em-direcoes-opostas\/\">Source link <\/a><\/p>\n","protected":false},"excerpt":{"rendered":"<p>Os pre\u00e7os dos feij\u00f5es carioca e preto encerraram agosto em movimentos opostos de acordo com o Centro de Estudos Avan\u00e7ados<\/p>\n","protected":false},"author":1,"featured_media":15784,"comment_status":"open","ping_status":"open","sticky":false,"template":"","format":"standard","meta":{"_monsterinsights_skip_tracking":false,"_monsterinsights_sitenote_active":false,"_monsterinsights_sitenote_note":"","_monsterinsights_sitenote_category":0,"_uf_show_specific_survey":0,"_uf_disable_surveys":false,"footnotes":""},"categories":[1],"tags":[],"class_list":["post-19489","post","type-post","status-publish","format-standard","has-post-thumbnail","hentry","category-news"],"_links":{"self":[{"href":"https:\/\/agromt.news\/index.php?rest_route=\/wp\/v2\/posts\/19489"}],"collection":[{"href":"https:\/\/agromt.news\/index.php?rest_route=\/wp\/v2\/posts"}],"about":[{"href":"https:\/\/agromt.news\/index.php?rest_route=\/wp\/v2\/types\/post"}],"author":[{"embeddable":true,"href":"https:\/\/agromt.news\/index.php?rest_route=\/wp\/v2\/users\/1"}],"replies":[{"embeddable":true,"href":"https:\/\/agromt.news\/index.php?rest_route=%2Fwp%2Fv2%2Fcomments&post=19489"}],"version-history":[{"count":0,"href":"https:\/\/agromt.news\/index.php?rest_route=\/wp\/v2\/posts\/19489\/revisions"}],"wp:featuredmedia":[{"embeddable":true,"href":"https:\/\/agromt.news\/index.php?rest_route=\/wp\/v2\/media\/15784"}],"wp:attachment":[{"href":"https:\/\/agromt.news\/index.php?rest_route=%2Fwp%2Fv2%2Fmedia&parent=19489"}],"wp:term":[{"taxonomy":"category","embeddable":true,"href":"https:\/\/agromt.news\/index.php?rest_route=%2Fwp%2Fv2%2Fcategories&post=19489"},{"taxonomy":"post_tag","embeddable":true,"href":"https:\/\/agromt.news\/index.php?rest_route=%2Fwp%2Fv2%2Ftags&post=19489"}],"curies":[{"name":"wp","href":"https:\/\/api.w.org\/{rel}","templated":true}]}}