{"id":19485,"date":"2025-09-01T09:50:08","date_gmt":"2025-09-01T13:50:08","guid":{"rendered":"https:\/\/agromt.news\/?p=19485"},"modified":"2025-09-01T09:50:08","modified_gmt":"2025-09-01T13:50:08","slug":"agro-e-industria-defendem-cautela-para-aplicacao-da-lei-da-reciprocidade-contra-os-eua","status":"publish","type":"post","link":"https:\/\/agromt.news\/?p=19485","title":{"rendered":"Agro e ind\u00fastria defendem cautela para aplica\u00e7\u00e3o da Lei da Reciprocidade contra os EUA"},"content":{"rendered":"<p> <br \/>\n<br \/><img decoding=\"async\" src=\"https:\/\/agromt.news\/wp-content\/uploads\/2025\/07\/Trump-rompe-tradicao-diplomatica-e-usa-tarifa-de-50-para.jpg\" \/><\/p>\n<div>\n<p>Ap\u00f3s o <a href=\"https:\/\/www.canalrural.com.br\/nacional\/governo-inicia-processo-para-aplicacao-da-lei-da-reciprocidade-contra-os-eua\/\">governo federal iniciar o processo que abre o caminho para aplica\u00e7\u00e3o da Lei da Reciprocidade Econ\u00f4mica contra os EUA<\/a>, entidades ligadas a ind\u00fastira e ao agro se manifestaram pedindo cautela.<\/p>\n<p>A Frente Parlamentar da Agropecu\u00e1ria (FPA) e a Confedera\u00e7\u00e3o Nacional da Ind\u00fastria (CNI) avaliam que a medida, embora leg\u00edtima, deve ser adotada somente ap\u00f3s esgotadas as negocia\u00e7\u00f5es bilaterais.<\/p>\n<p>A FPA divulgou nota destacando que o acionamento imediato da lei pode prejudicar as negocia\u00e7\u00f5es em curso no Escrit\u00f3rio do Representante de Com\u00e9rcio dos EUA (USTR), onde o Brasil ter\u00e1 espa\u00e7o para apresentar sua defesa a partir de 3 de setembro. Segundo a Frente, \u00e9 preciso assegurar que o processo siga crit\u00e9rios t\u00e9cnicos e comerciais, evitando sinaliza\u00e7\u00f5es equivocadas que comprometam a previsibilidade regulat\u00f3ria.<\/p>\n<\/div>\n<div>\n<p><em>Veja em primeira m\u00e3o tudo sobre agricultura, pecu\u00e1ria, economia e previs\u00e3o do tempo:<\/em><a href=\"https:\/\/news.google.com\/publications\/CAAqBwgKMPKZlQswq_mqAw?hl=pt-BR&amp;gl=BR&amp;ceid=BR%3Apt-419\" target=\"_blank\" rel=\"noreferrer noopener\"><em>\u00a0siga o Canal Rural no Google News!<\/em><\/a><\/p>\n<p>A CNI, por sua vez, afirmou que \u201cn\u00e3o \u00e9 o momento\u201d para colocar a lei em pr\u00e1tica. O presidente da entidade, Ricardo Alban, ressaltou a import\u00e2ncia de preservar a rela\u00e7\u00e3o bilateral com os Estados Unidos e defendeu o di\u00e1logo como caminho para reverter a tarifa de 50% imposta a produtos brasileiros. Para refor\u00e7ar essa posi\u00e7\u00e3o, a confedera\u00e7\u00e3o organizou uma comitiva com mais de 100 empres\u00e1rios que viajar\u00e1 a Washington nesta semana para reuni\u00f5es com autoridades e lideran\u00e7as locais.<\/p>\n<p>Tanto a FPA quanto a CNI consideram que a Lei da Reciprocidade \u00e9 um instrumento v\u00e1lido de defesa comercial, mas alertam que sua utiliza\u00e7\u00e3o precipitada pode trazer riscos ao setor produtivo brasileiro e \u00e0s rela\u00e7\u00f5es econ\u00f4micas entre os dois pa\u00edses.<\/p>\n<\/p><\/div>\n<p><br \/>\n<br \/><a href=\"https:\/\/www.canalrural.com.br\/diversos\/agro-e-industria-defendem-cautela-para-aplicacao-da-lei-da-reciprocidade-contra-os-eua\/\">Source link <\/a><\/p>\n","protected":false},"excerpt":{"rendered":"<p>Ap\u00f3s o governo federal iniciar o processo que abre o caminho para aplica\u00e7\u00e3o da Lei da Reciprocidade Econ\u00f4mica contra os<\/p>\n","protected":false},"author":1,"featured_media":16496,"comment_status":"open","ping_status":"open","sticky":false,"template":"","format":"standard","meta":{"_monsterinsights_skip_tracking":false,"_monsterinsights_sitenote_active":false,"_monsterinsights_sitenote_note":"","_monsterinsights_sitenote_category":0,"_uf_show_specific_survey":0,"_uf_disable_surveys":false,"footnotes":""},"categories":[1],"tags":[],"class_list":["post-19485","post","type-post","status-publish","format-standard","has-post-thumbnail","hentry","category-news"],"_links":{"self":[{"href":"https:\/\/agromt.news\/index.php?rest_route=\/wp\/v2\/posts\/19485"}],"collection":[{"href":"https:\/\/agromt.news\/index.php?rest_route=\/wp\/v2\/posts"}],"about":[{"href":"https:\/\/agromt.news\/index.php?rest_route=\/wp\/v2\/types\/post"}],"author":[{"embeddable":true,"href":"https:\/\/agromt.news\/index.php?rest_route=\/wp\/v2\/users\/1"}],"replies":[{"embeddable":true,"href":"https:\/\/agromt.news\/index.php?rest_route=%2Fwp%2Fv2%2Fcomments&post=19485"}],"version-history":[{"count":0,"href":"https:\/\/agromt.news\/index.php?rest_route=\/wp\/v2\/posts\/19485\/revisions"}],"wp:featuredmedia":[{"embeddable":true,"href":"https:\/\/agromt.news\/index.php?rest_route=\/wp\/v2\/media\/16496"}],"wp:attachment":[{"href":"https:\/\/agromt.news\/index.php?rest_route=%2Fwp%2Fv2%2Fmedia&parent=19485"}],"wp:term":[{"taxonomy":"category","embeddable":true,"href":"https:\/\/agromt.news\/index.php?rest_route=%2Fwp%2Fv2%2Fcategories&post=19485"},{"taxonomy":"post_tag","embeddable":true,"href":"https:\/\/agromt.news\/index.php?rest_route=%2Fwp%2Fv2%2Ftags&post=19485"}],"curies":[{"name":"wp","href":"https:\/\/api.w.org\/{rel}","templated":true}]}}