{"id":19483,"date":"2025-09-01T09:06:35","date_gmt":"2025-09-01T13:06:35","guid":{"rendered":"https:\/\/agromt.news\/?p=19483"},"modified":"2025-09-01T09:06:35","modified_gmt":"2025-09-01T13:06:35","slug":"festa-do-peao-de-barretos-chega-ao-fim-com-vitoria-de-brasileiro-em-competicao-internacional","status":"publish","type":"post","link":"https:\/\/agromt.news\/?p=19483","title":{"rendered":"Festa do Pe\u00e3o de Barretos chega ao fim com vit\u00f3ria de brasileiro em competi\u00e7\u00e3o internacional"},"content":{"rendered":"<p> <br \/>\n<br \/><img decoding=\"async\" src=\"https:\/\/agromt.news\/wp-content\/uploads\/2025\/09\/Festa-do-Peao-de-Barretos-chega-ao-fim-com-vitoria.jpg\" \/><\/p>\n<div>\n<p>A 70\u00aa Festa do Pe\u00e3o de Barretos entrou para a hist\u00f3ria como a maior celebra\u00e7\u00e3o do rodeio da Am\u00e9rica Latina. Realizada entre os dias 21 e 31 de agosto de 2025, a edi\u00e7\u00e3o comemorativa terminou com conquistas dentro e fora da arena.<\/p>\n<p>Um dos grandes destaques foi a mobiliza\u00e7\u00e3o solid\u00e1ria do p\u00fablico, artistas e empresas em prol do Hospital de Amor, refer\u00eancia nacional no tratamento e preven\u00e7\u00e3o do c\u00e2ncer. Ao todo, mais de R$ 10 milh\u00f5es foram arrecadados durante o tradicional Desafio do Bem.<\/p>\n<p><em>Veja em primeira m\u00e3o tudo sobre agricultura, pecu\u00e1ria, economia e previs\u00e3o do tempo:<\/em><a href=\"https:\/\/news.google.com\/publications\/CAAqBwgKMPKZlQswq_mqAw?hl=pt-BR&amp;gl=BR&amp;ceid=BR%3Apt-419\" target=\"_blank\" rel=\"noreferrer noopener\"><em>\u00a0siga o Canal Rural no Google News!<\/em><\/a><\/p>\n<p>O ponto alto foi a montaria de Renan Alves, de Orl\u00e2ndia (SP), campe\u00e3o da Liga Nacional de Rodeio, no touro Rel\u00edquia da Patroa, da Companhia T\u00e9rcio Miranda. Ap\u00f3s cumprir os 8 segundos, ele surpreendeu ao anunciar a doa\u00e7\u00e3o integral do seu cach\u00ea de R$ 5 mil para a institui\u00e7\u00e3o, gesto que emocionou a arena lotada.<\/p>\n<p>Na cerim\u00f4nia de encerramento, a Associa\u00e7\u00e3o Os Independentes tamb\u00e9m anunciou a data da pr\u00f3xima edi\u00e7\u00e3o: 20 a 30 de agosto de 2026.<\/p>\n<h2 class=\"wp-block-heading\" id=\"h-32\u00ba-barretos-international-rodeo\">32\u00ba Barretos International Rodeo<\/h2>\n<p>A grande final reuniu competidores do Brasil, Estados Unidos e M\u00e9xico. Invicto em todas as suas apresenta\u00e7\u00f5es, o paulista Vitor Manuel Dias, de Sales (SP), sagrou-se campe\u00e3o ao marcar 93,50 pontos sobre o touro Rei do Norte, da Companhia T\u00e9rcio Miranda.<\/p>\n<p>\u201c\u00c9 muito gratificante, est\u00e1 passando um sonho na minha cabe\u00e7a. Coloquei na minha mente que Deus tem um prop\u00f3sito e deixei Ele agir\u201d, declarou emocionado o campe\u00e3o, que tamb\u00e9m assegurou vaga para o The American, rodeio milion\u00e1rio realizado nos EUA. Al\u00e9m dele, Renan Alves, vencedor da Liga Nacional de Rodeio, tamb\u00e9m garantiu classifica\u00e7\u00e3o para o torneio.<br \/>Cutiano<\/p>\n<p>Na modalidade de montarias em cavalo, o estreante Yuri Teodoro Silva, de Merc\u00eas (MG), brilhou ao somar 274,25 pontos e conquistar o t\u00edtulo com 91,75 pontos sobre a \u00e9gua Zafira, da Companhia TJ \u2013 Jucelino.<\/p>\n<\/div>\n<div>\n<p>\u201cNunca imaginei que seria poss\u00edvel. Esse pr\u00eamio vai mudar a vida da minha fam\u00edlia e dos meus filhos. Obrigado, meu Deus\u201d, comemorou.<\/p>\n<h2 class=\"wp-block-heading\" id=\"h-tres-tambores\">Tr\u00eas Tambores<\/h2>\n<p>Na categoria 1D, a campe\u00e3 foi Yasmin Rissi de Oliveira, de Bauru (SP), que marcou 16s850 com o cavalo AVT Happynki Flying. J\u00e1 na 2D, o t\u00edtulo ficou com Isabela Ara\u00fajo, de Bela Vista de Minas (MG), com 17s671 montando Slick by Famous.<\/p>\n<h2 class=\"wp-block-heading\" id=\"h-breakaway-roping\">Breakaway Roping<\/h2>\n<p>A rio-pretense Lav\u00ednia Dias Souto venceu com o tempo de 5s75, garantindo tamb\u00e9m vaga para o The American. \u201cNo ano passado fui vice-campe\u00e3, e este ano consegui o t\u00e3o sonhado 1\u00ba lugar. S\u00f3 tenho a agradecer a Deus\u201d, afirmou.<\/p>\n<h2 class=\"wp-block-heading\" id=\"h-team-penning\">Team Penning<\/h2>\n<p>Na Soma 11, o trio formado por Tulio Goulart Soares (Prat\u00e1polis\/MG), Jo\u00e3o Vitor Franco Junqueira Gomes da Silva (Passos\/MG) e Jo\u00e3o Pedro Pereira (Guaraci\/SP) venceu com 22s010, dando a Tulio o tricampeonato da prova.<\/p>\n<p>Na Soma 6, os campe\u00f5es foram os mineiros Ayrton Cesar Rosa da Silva, Gabriel Dias Ferreira (Ipatinga\/MG) e Hugo Alchaar Campos (Itambacuri\/MG), com o tempo de 20s504.<\/p>\n<h2 class=\"wp-block-heading\" id=\"h-team-roping\">Team Roping<\/h2>\n<p>Ap\u00f3s 21 anos, a modalidade retornou \u00e0 arena de Barretos distribuindo R$ 120 mil em pr\u00eamios. A dupla formada por Rodrigo Teodoro de Lima (Martin\u00f3polis\/SP) e Diego Raimundo (Jaboticabal\/SP) foi a campe\u00e3, concluindo a prova em aproximadamente 5 segundos. Eles tamb\u00e9m disputar\u00e3o o The American.<\/p>\n<h2 class=\"wp-block-heading\" id=\"h-rodeio-junior-e-rodeio-em-carneiros\">Rodeio J\u00fanior e Rodeio em Carneiros<\/h2>\n<p>Na nova gera\u00e7\u00e3o, Guilherme Santana Meira, de S\u00e3o Jorge do Patroc\u00ednio (PR), sagrou-se bicampe\u00e3o do Rodeio J\u00fanior com 340,50 pontos, repetindo o t\u00edtulo de 2024.<\/p>\n<p>Entre as crian\u00e7as do Rodeio em Carneiros, o campe\u00e3o foi o barretense Jos\u00e9 Augusto, que obteve 92 pontos. Como pr\u00eamio, recebeu fivela, bicicleta, bota, chap\u00e9u, roupa de montaria e certificado de campe\u00e3o.<\/p>\n<\/p><\/div>\n<p><br \/>\n<br \/><a href=\"https:\/\/www.canalrural.com.br\/diversos\/festa-do-peao-de-barretos-chega-ao-fim-com-vitoria-de-brasileiro-em-competicao-internacional\/\">Source link <\/a><\/p>\n","protected":false},"excerpt":{"rendered":"<p>A 70\u00aa Festa do Pe\u00e3o de Barretos entrou para a hist\u00f3ria como a maior celebra\u00e7\u00e3o do rodeio da Am\u00e9rica Latina.<\/p>\n","protected":false},"author":1,"featured_media":19484,"comment_status":"open","ping_status":"open","sticky":false,"template":"","format":"standard","meta":{"_monsterinsights_skip_tracking":false,"_monsterinsights_sitenote_active":false,"_monsterinsights_sitenote_note":"","_monsterinsights_sitenote_category":0,"_uf_show_specific_survey":0,"_uf_disable_surveys":false,"footnotes":""},"categories":[1],"tags":[],"class_list":["post-19483","post","type-post","status-publish","format-standard","has-post-thumbnail","hentry","category-news"],"_links":{"self":[{"href":"https:\/\/agromt.news\/index.php?rest_route=\/wp\/v2\/posts\/19483"}],"collection":[{"href":"https:\/\/agromt.news\/index.php?rest_route=\/wp\/v2\/posts"}],"about":[{"href":"https:\/\/agromt.news\/index.php?rest_route=\/wp\/v2\/types\/post"}],"author":[{"embeddable":true,"href":"https:\/\/agromt.news\/index.php?rest_route=\/wp\/v2\/users\/1"}],"replies":[{"embeddable":true,"href":"https:\/\/agromt.news\/index.php?rest_route=%2Fwp%2Fv2%2Fcomments&post=19483"}],"version-history":[{"count":0,"href":"https:\/\/agromt.news\/index.php?rest_route=\/wp\/v2\/posts\/19483\/revisions"}],"wp:featuredmedia":[{"embeddable":true,"href":"https:\/\/agromt.news\/index.php?rest_route=\/wp\/v2\/media\/19484"}],"wp:attachment":[{"href":"https:\/\/agromt.news\/index.php?rest_route=%2Fwp%2Fv2%2Fmedia&parent=19483"}],"wp:term":[{"taxonomy":"category","embeddable":true,"href":"https:\/\/agromt.news\/index.php?rest_route=%2Fwp%2Fv2%2Fcategories&post=19483"},{"taxonomy":"post_tag","embeddable":true,"href":"https:\/\/agromt.news\/index.php?rest_route=%2Fwp%2Fv2%2Ftags&post=19483"}],"curies":[{"name":"wp","href":"https:\/\/api.w.org\/{rel}","templated":true}]}}