{"id":19482,"date":"2025-09-01T08:52:01","date_gmt":"2025-09-01T12:52:01","guid":{"rendered":"https:\/\/agromt.news\/?p=19482"},"modified":"2025-09-01T08:52:01","modified_gmt":"2025-09-01T12:52:01","slug":"setembro-comeca-com-chuva-forte-e-calor-veja-a-previsao-do-tempo-para-a-semana","status":"publish","type":"post","link":"https:\/\/agromt.news\/?p=19482","title":{"rendered":"Setembro come\u00e7a com chuva forte e calor ; veja a previs\u00e3o do tempo para a semana"},"content":{"rendered":"<p> <br \/>\n<br \/><img decoding=\"async\" src=\"https:\/\/agromt.news\/wp-content\/uploads\/2025\/03\/Fim-de-semana-comeca-com-sol-mas-ha-chance-de.jpg\" \/><\/p>\n<div>\n<h2 class=\"wp-block-heading\" id=\"h-regiao-sul\">REGI\u00c3O SUL<\/h2>\n<p>Pancadas de chuva continuam entre o litoral de Santa Catarina e do Paran\u00e1. No oeste de SC e PR, a chuva pode ser de moderada a forte. No centro-sul do Rio Grande do Sul h\u00e1 risco de temporais, com aumento da nebulosidade em grande parte do estado. As temperaturas ficam mais amenas no RS, sem grande eleva\u00e7\u00e3o durante a tarde, enquanto no norte do Paran\u00e1 o calor ainda predomina. <\/p>\n<div data-icp-cta=\"1\" id=\"icp-cta-unique\">Voc\u00ea quer entender como usar o clima a seu favor?<b> <\/b><a href=\"https:\/\/climacampo.canalrural.com.br\/climacampo_-01\">Preparamos um e-book exclusivo<\/a> para ajudar produtores rurais a se antecipar \u00e0s mudan\u00e7as do tempo e planejar melhor suas a\u00e7\u00f5es. Com base em previs\u00f5es meteorol\u00f3gicas confi\u00e1veis, ele oferece orienta\u00e7\u00f5es pr\u00e1ticas para proteger sua lavoura e otimizar seus resultados.<\/div>\n<p>Aten\u00e7\u00e3o para chuva volumosa no centro-sul do estado do RS com acumulados que podem passar de 150mm causando alagamentos e transtornos nos trabalhos em campo. A atua\u00e7\u00e3o de um cavado meteorol\u00f3gico e uma frente fria levam temporais para os tr\u00eas estados do sul durante a semana com possibilidade de queda de granizo. Esta condi\u00e7\u00e3o de temporais no RS deve persistir entre esta segunda at\u00e9 quinta-feira, para SC e centro-sul do PR est\u00e1 condi\u00e7\u00e3o vale quinta e sexta-feira. Aten\u00e7\u00e3o para o risco de focos de inc\u00eandio no norte paranaense, pois al\u00e9m de n\u00e3o chover a temperatura m\u00e1xima deve ficar na casa dos 34\u00baC.<\/p>\n<h2 class=\"wp-block-heading\" id=\"h-regiao-sudeste\">REGI\u00c3O SUDESTE<\/h2>\n<p>A chuva ainda se mant\u00e9m no litoral paulista, do RJ ao ES, al\u00e9m do leste e nordeste de MG, de forma fraca a moderada e isolada. Tamb\u00e9m pode chover no extremo sudoeste de SP. A nebulosidade continua predominante. As temperaturas permanecem altas no oeste paulista, Tri\u00e2ngulo Mineiro e oeste de MG. J\u00e1 na capital paulista, no Rio, no sudeste de Minas e entorno, as tardes seguem mais amenas. A umidade relativa do ar continua baixa no oeste paulista e mineiro.<\/p>\n<p>Chove durante a semana entre 20\/30mm no litoral de SP, RS, ES e centro-leste de MG aliviando a situa\u00e7\u00e3o de tempo quente e seco sem prejudicar as opera\u00e7\u00f5es em campo, ajudando principalmente os cafezais em fase de florada. Aten\u00e7\u00e3o para o risco para focos de inc\u00eandio no centro-oeste de SP , centro-oeste de MG incluindo o tri\u00e2ngulo mineiro na qual al\u00e9m de n\u00e3o chover, a temperatura m\u00e1xima deve se manter na casa dos 35\/37\u00baC.<\/p>\n<h2 class=\"wp-block-heading\" id=\"h-regiao-centro-oeste\">REGI\u00c3O CENTRO-OESTE<\/h2>\n<p>Pancadas de chuva continuam no sul, sudoeste e oeste do Mato Grosso do Sul, podendo ser localizadas de maneira moderada. Tamb\u00e9m h\u00e1 chance de chuva na faixa oeste do Mato Grosso, com aumento da nebulosidade em algumas \u00e1reas dos dois estados. As temperaturas permanecem elevadas e o tempo seco prevalece em boa parte da regi\u00e3o.. A chuva deve predominar entre segunda e ter\u00e7a-feira em MS e MT , especialmente nas \u00e1reas de fronteira com o Paraguai e a Bolivia com 20\/30mm acumulados o que ajuda a recuperar umidade do solo e do ar, aliviando o calor na regi\u00e3o. <\/p>\n<\/div>\n<div>\n<p>Aten\u00e7\u00e3o para o risco de focos de inc\u00eandio nas demais \u00e1reas no centro-norte de MS, GO e MT na qual al\u00e9m de n\u00e3o haver previs\u00e3o de chuva a temperatura m\u00e1xima ainda deve se manter na casa dos 39\u00baC\/41\u00baC. O produtor que for realizar os trabalhos em campo deve se manter bem hidratado , pois a umidade relativa do ar nas horas mais quentes do dia pode ficar abaixo dos 20% nestas localidades.<\/p>\n<h2 class=\"wp-block-heading\" id=\"h-regiao-nordeste\">REGI\u00c3O NORDESTE<\/h2>\n<p>As chuvas ainda persistem nas mesmas \u00e1reas, com nebulosidade mais concentrada na faixa leste. As temperaturas seguem altas durante a tarde e a qualidade do ar permanece baixa no interior, com \u00edndices de umidade podendo ficar abaixo de 30%.. Ondas de leste continuam a atuar no litoral da regi\u00e3o levando chuva para BA, SE, AL , PA , PE , RN com 20\/30mm no decorrer da semana o que ajuda a manter a boa umidade da regi\u00e3o. <\/p>\n<p>Aten\u00e7\u00e3o para o calor de 40\u00baC nas regi\u00f5es de interior , que al\u00e9m de reduzir a umidade relativa do ar aumenta o risco para focos de inc\u00eandio. As opera\u00e7\u00f5es em campo devem seguir normalmente com a colheita do algod\u00e3o. O produtor deve ficar atento para se manter bem hidratado ao realizar os trabalhos em campo. A chuva deve come\u00e7ar a retornar para as \u00e1reas produtoras a partir das \u00faltimas semanas de setembro.<\/p>\n<h2 class=\"wp-block-heading\" id=\"h-regiao-norte\">REGI\u00c3O NORTE<\/h2>\n<p>\u00c1reas de instabilidade permanecem entre o oeste do Amazonas e Roraima, com chuva moderada a forte. Ainda pode chover no Acre, no litoral do Par\u00e1 e em Rond\u00f4nia. J\u00e1 em Tocantins e no sul do Par\u00e1, o calor e o tempo seco predominam, com baixos \u00edndices de umidade. No AM, RR, AC e RO o acumulado da semana fica na casas dos 40\/50mm mantendo a umidade na regi\u00e3o e ajudando principalmente as pastagens em Rond\u00f4nia.<\/p>\n<p>Pancadas de chuva come\u00e7am a retornar de forma irregular no estado do PA variando entre entre 20\/30mm na por\u00e7\u00e3o oeste do estado ajudando a diminuir o risco para focos de inc\u00eandio na regi\u00e3o e aliviando o estresse t\u00e9rmico no gado em confinamento. Aten\u00e7\u00e3o para o calor\u00e3o e tempo seco no restante TO, PA e AP na qual a temperatura m\u00e1xima deve girar em torno de 38\u00baC\/40\u00baC potencializando o risco de focos de inc\u00eandio. Aten\u00e7\u00e3o para baixa umidade do ar que deve ficar abaixo de 20% .<\/p>\n<\/p><\/div>\n<p><br \/>\n<br \/><a href=\"https:\/\/www.canalrural.com.br\/tempo\/setembro-comeca-com-chuva-forte-e-calor-veja-a-previsao-do-tempo-para-a-semana\/\">Source link <\/a><\/p>\n","protected":false},"excerpt":{"rendered":"<p>REGI\u00c3O SUL Pancadas de chuva continuam entre o litoral de Santa Catarina e do Paran\u00e1. No oeste de SC e<\/p>\n","protected":false},"author":1,"featured_media":12168,"comment_status":"open","ping_status":"open","sticky":false,"template":"","format":"standard","meta":{"_monsterinsights_skip_tracking":false,"_monsterinsights_sitenote_active":false,"_monsterinsights_sitenote_note":"","_monsterinsights_sitenote_category":0,"_uf_show_specific_survey":0,"_uf_disable_surveys":false,"footnotes":""},"categories":[1],"tags":[],"class_list":["post-19482","post","type-post","status-publish","format-standard","has-post-thumbnail","hentry","category-news"],"_links":{"self":[{"href":"https:\/\/agromt.news\/index.php?rest_route=\/wp\/v2\/posts\/19482"}],"collection":[{"href":"https:\/\/agromt.news\/index.php?rest_route=\/wp\/v2\/posts"}],"about":[{"href":"https:\/\/agromt.news\/index.php?rest_route=\/wp\/v2\/types\/post"}],"author":[{"embeddable":true,"href":"https:\/\/agromt.news\/index.php?rest_route=\/wp\/v2\/users\/1"}],"replies":[{"embeddable":true,"href":"https:\/\/agromt.news\/index.php?rest_route=%2Fwp%2Fv2%2Fcomments&post=19482"}],"version-history":[{"count":0,"href":"https:\/\/agromt.news\/index.php?rest_route=\/wp\/v2\/posts\/19482\/revisions"}],"wp:featuredmedia":[{"embeddable":true,"href":"https:\/\/agromt.news\/index.php?rest_route=\/wp\/v2\/media\/12168"}],"wp:attachment":[{"href":"https:\/\/agromt.news\/index.php?rest_route=%2Fwp%2Fv2%2Fmedia&parent=19482"}],"wp:term":[{"taxonomy":"category","embeddable":true,"href":"https:\/\/agromt.news\/index.php?rest_route=%2Fwp%2Fv2%2Fcategories&post=19482"},{"taxonomy":"post_tag","embeddable":true,"href":"https:\/\/agromt.news\/index.php?rest_route=%2Fwp%2Fv2%2Ftags&post=19482"}],"curies":[{"name":"wp","href":"https:\/\/api.w.org\/{rel}","templated":true}]}}