{"id":19480,"date":"2025-09-01T07:38:35","date_gmt":"2025-09-01T11:38:35","guid":{"rendered":"https:\/\/agromt.news\/?p=19480"},"modified":"2025-09-01T07:38:35","modified_gmt":"2025-09-01T11:38:35","slug":"produtora-de-queijos-artesanais-de-ibiuna-conquista-premio-nacional","status":"publish","type":"post","link":"https:\/\/agromt.news\/?p=19480","title":{"rendered":"Produtora de queijos artesanais de Ibi\u00fana conquista pr\u00eamio nacional"},"content":{"rendered":"<p> <br \/>\n<\/p>\n<div>\n<p>A hist\u00f3ria de Luzita Camargo com os queijos come\u00e7ou de forma inesperada. \u201cNunca imaginei que eu ia fazer queijo na minha vida, n\u00e9? A nossa profiss\u00e3o, nossa vida foi sempre como comerciante. N\u00f3s \u00e9ramos da Baixada Santista. Compramos a propriedade em Ibi\u00fana em 2010 apenas para lazer\u201d, conta.<\/p>\n<p>J\u00e1 no in\u00edcio, a ideia era apenas aproveitar a vida no s\u00edtio em fam\u00edlia. \u201cMeu marido comprou uma vaquinha aqui na redondeza pra gente ter um leitinho fresco. Como minha fam\u00edlia mora na Espanha, em uma regi\u00e3o rural da Gal\u00edcia, onde \u00e9 comum as pessoas fazerem queijos e outros produtos artesanais, pedi ao meu tio para me ensinar a receita t\u00edpica de l\u00e1.\u201d<\/p>\n<p>De volta ao Brasil, a experi\u00eancia na cozinha despertou uma paix\u00e3o. \u201cGostei muito dessa hist\u00f3ria de fazer queijo, eu me apaixonei por isso. A\u00ed eu comecei a fazer pesquisas, fui fazer cursos, visitei outras queijarias artesanais e fui aprendendo os detalhes que faltavam.\u201d A produ\u00e7\u00e3o, que come\u00e7ou como hobby, logo cresceu. <\/p>\n<blockquote class=\"wp-block-quote is-layout-flow wp-block-quote-is-layout-flow\">\n<p>\u201cOs amigos dos meus filhos e os vizinhos come\u00e7aram a pedir. Meu marido foi comprando mais vacas e, com mais leite, vimos que era preciso legalizar. Isso j\u00e1 foi em 2014.\u201d<\/p>\n<\/blockquote>\n<figure class=\"wp-block-image size-large\"><img fetchpriority=\"high\" decoding=\"async\" width=\"1024\" height=\"768\" src=\"https:\/\/agromt.news\/wp-content\/uploads\/2025\/09\/Produtora-de-queijos-artesanais-de-Ibiuna-conquista-premio-nacional.png\" alt=\"\" class=\"wp-image-4119263\"  \/><figcaption class=\"wp-element-caption\">Luzita e Ariton (esposo) | Foto: Vinicius Ramos <\/figcaption><\/figure>\n<p>Entretanto, o  processo n\u00e3o foi simples. \u201cTive in\u00fameros contratempos com legisla\u00e7\u00e3o, entrei para a Associa\u00e7\u00e3o Paulista do Queijo Artesanal, que fundamos entre v\u00e1rios produtores. Em 2020 conseguimos realizar o projeto de uma queijaria dentro das normas legais, e a\u00ed pude participar de concursos e eventos.\u201d<\/p>\n<\/div>\n<div>\n<h2 class=\"wp-block-heading has-medium-font-size\" id=\"h-dedicacao-e-resultados\">Dedica\u00e7\u00e3o e resultados<\/h2>\n<p>A dedica\u00e7\u00e3o logo trouxe reconhecimento. \u201cParticipei em Arax\u00e1, no Mundial do Queijo, e tamb\u00e9m no Pr\u00eamio Brasil em Blumenau. Sempre trazendo medalhas para os meus queijos. Em 2025, inscrevi meu queijo Montanha, inspirado em uma receita espanhola, no concurso nacional da <a href=\"https:\/\/www.cnabrasil.org.br\/eventos\/premio-cna-brasil-artesanal-queijo\">CNA<\/a>. Para minha surpresa, ficamos entre os cinco melhores\u201d, afirma Luzita.<\/p>\n<p>O resultado superou as expectativas. \u201cConquistamos o primeiro lugar. Foi muito importante, deu visibilidade para o nosso produto e coroou anos de dedica\u00e7\u00e3o e estudo. \u00c9 uma felicidade enorme\u201d, comemora.<\/p>\n<ul class=\"wp-block-list\">\n<li><em>Participe do Porteira Aberta Empreender: envie perguntas, sugest\u00f5es e conte sua hist\u00f3ria de empreendedorismo pelo <\/em><a href=\"https:\/\/api.whatsapp.com\/send?phone=5511932796720&amp;PorteiraAbertaEmpreender=SuaMensagem\"><strong>WhatsApp<\/strong><\/a><\/li>\n<\/ul>\n<p>Al\u00e9m do reconhecimento, Luzita destaca o apoio que recebeu. \u201cO <a href=\"https:\/\/sebrae.com.br\/sites\/PortalSebrae\">Sebrae<\/a> sempre esteve entre n\u00f3s. Mesmo antes da inspe\u00e7\u00e3o, buscamos orienta\u00e7\u00f5es. Depois, na parte fiscal e tamb\u00e9m no turismo, porque abrimos a propriedade para visita\u00e7\u00e3o e venda dos queijos. O Sebrae sempre nos apoiou, convidando para feiras e cedendo estandes.\u201d<\/p>\n<p>Hoje, a produtora celebra n\u00e3o apenas os <a href=\"https:\/\/www.canalrural.com.br\/empreendedorismo\/produtores-de-queijos-artesanais-sao-premiados-pela-cna-em-brasilia\/\">pr\u00eamios<\/a>, mas a transforma\u00e7\u00e3o de vida que os queijos trouxeram para sua fam\u00edlia e para a regi\u00e3o de Ibi\u00fana.<\/p>\n<\/p><\/div>\n<p><br \/>\n<br \/><a href=\"https:\/\/www.canalrural.com.br\/empreendedorismo\/produtora-de-queijos-artesanais-de-ibiuna-conquista-premio-nacional\/\">Source link <\/a><\/p>\n","protected":false},"excerpt":{"rendered":"<p>A hist\u00f3ria de Luzita Camargo com os queijos come\u00e7ou de forma inesperada. \u201cNunca imaginei que eu ia fazer queijo na<\/p>\n","protected":false},"author":1,"featured_media":19481,"comment_status":"open","ping_status":"open","sticky":false,"template":"","format":"standard","meta":{"_monsterinsights_skip_tracking":false,"_monsterinsights_sitenote_active":false,"_monsterinsights_sitenote_note":"","_monsterinsights_sitenote_category":0,"_uf_show_specific_survey":0,"_uf_disable_surveys":false,"footnotes":""},"categories":[1],"tags":[],"class_list":["post-19480","post","type-post","status-publish","format-standard","has-post-thumbnail","hentry","category-news"],"_links":{"self":[{"href":"https:\/\/agromt.news\/index.php?rest_route=\/wp\/v2\/posts\/19480"}],"collection":[{"href":"https:\/\/agromt.news\/index.php?rest_route=\/wp\/v2\/posts"}],"about":[{"href":"https:\/\/agromt.news\/index.php?rest_route=\/wp\/v2\/types\/post"}],"author":[{"embeddable":true,"href":"https:\/\/agromt.news\/index.php?rest_route=\/wp\/v2\/users\/1"}],"replies":[{"embeddable":true,"href":"https:\/\/agromt.news\/index.php?rest_route=%2Fwp%2Fv2%2Fcomments&post=19480"}],"version-history":[{"count":0,"href":"https:\/\/agromt.news\/index.php?rest_route=\/wp\/v2\/posts\/19480\/revisions"}],"wp:featuredmedia":[{"embeddable":true,"href":"https:\/\/agromt.news\/index.php?rest_route=\/wp\/v2\/media\/19481"}],"wp:attachment":[{"href":"https:\/\/agromt.news\/index.php?rest_route=%2Fwp%2Fv2%2Fmedia&parent=19480"}],"wp:term":[{"taxonomy":"category","embeddable":true,"href":"https:\/\/agromt.news\/index.php?rest_route=%2Fwp%2Fv2%2Fcategories&post=19480"},{"taxonomy":"post_tag","embeddable":true,"href":"https:\/\/agromt.news\/index.php?rest_route=%2Fwp%2Fv2%2Ftags&post=19480"}],"curies":[{"name":"wp","href":"https:\/\/api.w.org\/{rel}","templated":true}]}}