{"id":19477,"date":"2025-09-01T05:26:43","date_gmt":"2025-09-01T09:26:43","guid":{"rendered":"https:\/\/agromt.news\/?p=19477"},"modified":"2025-09-01T05:26:43","modified_gmt":"2025-09-01T09:26:43","slug":"agrolink-marca-presenca-na-expointer-com-cobertura-especial","status":"publish","type":"post","link":"https:\/\/agromt.news\/?p=19477","title":{"rendered":"Agrolink marca presen\u00e7a na Expointer com cobertura especial"},"content":{"rendered":"<p> <br \/>\n<\/p>\n<div>\n<p style=\"text-align:justify\">A 48\u00aa edi\u00e7\u00e3o da Expointer come\u00e7ou neste s\u00e1bado (30\/8) com filas logo nas primeiras horas do dia e expectativa positiva dos visitantes. Realizada no Parque de Exposi\u00e7\u00f5es Assis Brasil, em Esteio (RS), a feira teve recorde de p\u00fablico na abertura, com 119.539 visitantes \u2014 reflexo de um &#8220;veranico&#8221; que aqueceu a movimenta\u00e7\u00e3o no evento.&#13;\n<\/p>\n<p style=\"text-align:justify\">O portal Agrolink est\u00e1 presente na feira com um est\u00fadio montado dentro do espa\u00e7o do Sindicato das Ind\u00fastrias de M\u00e1quinas e Implementos Agr\u00edcolas do Rio Grande do Sul (Simers), onde realiza cobertura jornal\u00edstica completa, com entrevistas, reportagens e an\u00e1lises em tempo real.<\/p>\n<p style=\"text-align:justify\">O setor de m\u00e1quinas e implementos agr\u00edcolas refor\u00e7a mais uma vez seu protagonismo na feira, com 150 expositores \u2014 alta de 10% em rela\u00e7\u00e3o a 2024 \u2014 e a presen\u00e7a de 20 startups no espa\u00e7o de inova\u00e7\u00e3o. Entre os lan\u00e7amentos, destaca-se uma colheitadeira de alta tecnologia, com controle de velocidade via sat\u00e9lite e detec\u00e7\u00e3o preditiva do estado das culturas, prometendo ganhos de produtividade de at\u00e9 20%.<\/p>\n<p style=\"text-align:justify\">Segundo o Simers, as vendas em 2024 somaram R$ 7,39 bilh\u00f5es. Para este ano, a expectativa \u00e9 otimista, embora cautelosa. \u201cO setor enfrenta o tarifa\u00e7o americano, a queda nos pre\u00e7os das commodities, os efeitos da estiagem e o endividamento dos produtores\u201d, pontua o presidente Cl\u00e1udio Bier.&#13;\n<\/p>\n<p style=\"text-align:justify\">A organiza\u00e7\u00e3o da feira investiu em melhorias na rede el\u00e9trica, abastecimento de \u00e1gua, cal\u00e7amento e \u00e1reas de lazer. \u201cO parque est\u00e1 praticamente renovado. A Expointer \u00e9 uma grande vitrine para neg\u00f3cios e para aproximar o campo da cidade\u201d, avaliou Elizabeth Cirne-Lima, subsecret\u00e1ria do parque.<\/p>\n<p style=\"text-align:justify\">Entre os espa\u00e7os mais visitados est\u00e3o o Pavilh\u00e3o da Agricultura Familiar, a Escolinha de Tr\u00e2nsito da Brigada Militar e o espa\u00e7o de meliponicultura da Femers, que promove produtos das abelhas-sem-ferr\u00e3o. A feira tamb\u00e9m contempla artesanato, shows, julgamento de animais e oficinas, com programa\u00e7\u00e3o at\u00e9 7 de setembro, das 8h \u00e0s 20h.<\/p>\n<p style=\"text-align:justify\">O secret\u00e1rio estadual da Agricultura, Edivilson Brum, estima que cerca de 800 mil pessoas circulem pelo parque ao longo dos nove dias de evento. \u201cEsperamos que todos que est\u00e3o aqui comercializem seus produtos, gerem emprego, renda e oportunidades\u201d, declarou.&#13;\n<\/p>\n<p style=\"text-align:justify\">Com um est\u00fadio exclusivo na feira, o Agrolink acompanha de perto os principais destaques da Expointer 2025, oferecendo ao p\u00fablico informa\u00e7\u00f5es atualizadas sobre neg\u00f3cios, inova\u00e7\u00e3o e perspectivas para o agroneg\u00f3cio ga\u00facho e nacional.<\/p>\n<\/p><\/div>\n<p><script data-cfasync=\"false\">\n    !function (f, b, e, v, n, t, s) {\n        if (f.fbq) return; n = f.fbq = function () {\n            n.callMethod ?\n                n.callMethod.apply(n, arguments) : n.queue.push(arguments)\n        };\n        if (!f._fbq) f._fbq = n; n.push = n; n.loaded = !0; n.version = '2.0';\n        n.queue = []; t = b.createElement(e); t.async = !0;\n        t.src = v; s = b.getElementsByTagName(e)[0];\n        s.parentNode.insertBefore(t, s)\n    }(window, document, 'script',\n        'https:\/\/connect.facebook.net\/en_US\/fbevents.js');\n    fbq('init', '522546078623747');\n    fbq('track', 'PageView');\n<\/script><br \/>\n<br \/><br \/>\n<br \/><a href=\"https:\/\/www.agrolink.com.br\/noticias\/agrolink-marca-presenca-na-expointer-com-cobertura-especial_505471.html\">Source link <\/a><\/p>\n","protected":false},"excerpt":{"rendered":"<p>A 48\u00aa edi\u00e7\u00e3o da Expointer come\u00e7ou neste s\u00e1bado (30\/8) com filas logo nas primeiras horas do dia e expectativa positiva<\/p>\n","protected":false},"author":1,"featured_media":934,"comment_status":"open","ping_status":"open","sticky":false,"template":"","format":"standard","meta":{"_monsterinsights_skip_tracking":false,"_monsterinsights_sitenote_active":false,"_monsterinsights_sitenote_note":"","_monsterinsights_sitenote_category":0,"_uf_show_specific_survey":0,"_uf_disable_surveys":false,"footnotes":""},"categories":[8,1,14],"tags":[],"class_list":["post-19477","post","type-post","status-publish","format-standard","has-post-thumbnail","hentry","category-agro","category-news","category-politica-agro"],"_links":{"self":[{"href":"https:\/\/agromt.news\/index.php?rest_route=\/wp\/v2\/posts\/19477"}],"collection":[{"href":"https:\/\/agromt.news\/index.php?rest_route=\/wp\/v2\/posts"}],"about":[{"href":"https:\/\/agromt.news\/index.php?rest_route=\/wp\/v2\/types\/post"}],"author":[{"embeddable":true,"href":"https:\/\/agromt.news\/index.php?rest_route=\/wp\/v2\/users\/1"}],"replies":[{"embeddable":true,"href":"https:\/\/agromt.news\/index.php?rest_route=%2Fwp%2Fv2%2Fcomments&post=19477"}],"version-history":[{"count":0,"href":"https:\/\/agromt.news\/index.php?rest_route=\/wp\/v2\/posts\/19477\/revisions"}],"wp:featuredmedia":[{"embeddable":true,"href":"https:\/\/agromt.news\/index.php?rest_route=\/wp\/v2\/media\/934"}],"wp:attachment":[{"href":"https:\/\/agromt.news\/index.php?rest_route=%2Fwp%2Fv2%2Fmedia&parent=19477"}],"wp:term":[{"taxonomy":"category","embeddable":true,"href":"https:\/\/agromt.news\/index.php?rest_route=%2Fwp%2Fv2%2Fcategories&post=19477"},{"taxonomy":"post_tag","embeddable":true,"href":"https:\/\/agromt.news\/index.php?rest_route=%2Fwp%2Fv2%2Ftags&post=19477"}],"curies":[{"name":"wp","href":"https:\/\/api.w.org\/{rel}","templated":true}]}}