{"id":19475,"date":"2025-09-01T03:07:28","date_gmt":"2025-09-01T07:07:28","guid":{"rendered":"https:\/\/agromt.news\/?p=19475"},"modified":"2025-09-01T03:07:28","modified_gmt":"2025-09-01T07:07:28","slug":"quinta-feira-tem-possibilidade-de-chuvas-intensas-em-diversas-partes-do-brasil","status":"publish","type":"post","link":"https:\/\/agromt.news\/?p=19475","title":{"rendered":"Quinta-feira tem possibilidade de chuvas intensas em diversas partes do Brasil"},"content":{"rendered":"<p> <br \/>\n<\/p>\n<div>\n<p><img decoding=\"async\" alt=\"Logotipo Not&#xED;cias Agr&#xED;colas\" height=\"21\" src=\"https:\/\/cdn.noticiasagricolas.com.br\/dbimagens\/e12363a00741f9cc7caf23469101a4aa.png\" width=\"106\"\/><\/p>\n<p>O Instituto Nacional de Meteorologia (Inmet) emitiu uma s\u00e9rie de alertas para chuvas intensas que devem atingir diferentes regi\u00f5es do pa\u00eds ao longo desta quinta-feira (7). Os avisos s\u00e3o classificados com grau de perigo potencial e abrangem \u00e1reas do Norte, Sul e parte do Nordeste, indicando a possibilidade de pancadas de chuva com moderada intensidade, acompanhadas de ventos fortes.<\/p>\n<p>De acordo com o Inmet, a previs\u00e3o aponta para acumulados de 20 a 30 mil\u00edmetros por hora, podendo chegar a at\u00e9 50 mm em um \u00fanico dia. Tamb\u00e9m h\u00e1 possibilidade de ventos entre 40 e 60 km\/h, al\u00e9m de riscos pontuais de queda de galhos de \u00e1rvores, alagamentos, descargas el\u00e9tricas e interrup\u00e7\u00f5es no fornecimento de energia el\u00e9trica.<\/p>\n<p>Na Regi\u00e3o Sul, o alerta vale para amplas \u00e1reas dos estados de Santa Catarina, Paran\u00e1 e Rio Grande do Sul. Est\u00e3o inclu\u00eddas regi\u00f5es como a Serrana, o Oeste e o Vale do Itaja\u00ed em Santa Catarina; o Sudoeste, Centro-Sul e Sudeste do Paran\u00e1; e o Centro Oriental, Nordeste, Noroeste e a Regi\u00e3o Metropolitana de Porto Alegre no Rio Grande do Sul. A atua\u00e7\u00e3o de sistemas de instabilidade atmosf\u00e9rica associados \u00e0 presen\u00e7a de uma frente fria contribui para o aumento da umidade e favorece a ocorr\u00eancia das chuvas.<\/p>\n<p>No Norte do pa\u00eds, o Inmet tamb\u00e9m mant\u00e9m alertas em vigor desde a manh\u00e3 desta quarta-feira (6), com validade at\u00e9 as 10h de quinta. As \u00e1reas mais afetadas devem ser o sudoeste e sul do Amazonas e o Vale do Juru\u00e1, no Acre, onde a combina\u00e7\u00e3o entre calor e umidade t\u00edpica da floresta favorece a forma\u00e7\u00e3o de nuvens carregadas.<\/p>\n<p>Outro alerta foi emitido para a faixa norte da Regi\u00e3o Norte e parte do Nordeste, incluindo o Baixo Amazonas, Maraj\u00f3, o Nordeste do Par\u00e1, o Amap\u00e1, Roraima, o norte e leste do Maranh\u00e3o, al\u00e9m do norte do Piau\u00ed. A previs\u00e3o para essas \u00e1reas tamb\u00e9m indica chuva expressiva, com potencial para provocar transtornos localizados, sobretudo em centros urbanos e \u00e1reas com defici\u00eancia de drenagem.<\/p>\n<p>Embora os avisos indiquem baixo risco para acidentes graves, o Inmet recomenda que a popula\u00e7\u00e3o evite se abrigar debaixo de \u00e1rvores durante rajadas de vento e n\u00e3o estacione ve\u00edculos pr\u00f3ximos a torres de transmiss\u00e3o ou placas de publicidade. Em caso de emerg\u00eancia, a orienta\u00e7\u00e3o \u00e9 acionar a Defesa Civil (telefone 199) ou o Corpo de Bombeiros (193).<\/p>\n<\/p><\/div>\n<p><script async defer src=\"https:\/\/connect.facebook.net\/en_US\/sdk.js\"><\/script><script>\n  !function(f,b,e,v,n,t,s)\n  {if(f.fbq)return;n=f.fbq=function(){n.callMethod?\n    n.callMethod.apply(n,arguments):n.queue.push(arguments)};\n    if(!f._fbq)f._fbq=n;n.push=n;n.loaded=!0;n.version='2.0';\n    n.queue=[];t=b.createElement(e);t.async=!0;\n    t.src=v;s=b.getElementsByTagName(e)[0];\n    s.parentNode.insertBefore(t,s)}(window, document,'script',\n    'https:\/\/connect.facebook.net\/en_US\/fbevents.js');\n  fbq('init', '153495679422335');\n  fbq('track', 'PageView');\n<\/script><br \/>\n<br \/><br \/>\n<br \/><a href=\"https:\/\/www.noticiasagricolas.com.br\/noticias\/clima\/405336-quinta-feira-tem-possibilidade-de-chuvas-intensas-em-diversas-partes-do-brasil.html\">Source link <\/a><\/p>\n","protected":false},"excerpt":{"rendered":"<p>O Instituto Nacional de Meteorologia (Inmet) emitiu uma s\u00e9rie de alertas para chuvas intensas que devem atingir diferentes regi\u00f5es do<\/p>\n","protected":false},"author":1,"featured_media":19476,"comment_status":"open","ping_status":"open","sticky":false,"template":"","format":"standard","meta":{"_monsterinsights_skip_tracking":false,"_monsterinsights_sitenote_active":false,"_monsterinsights_sitenote_note":"","_monsterinsights_sitenote_category":0,"_uf_show_specific_survey":0,"_uf_disable_surveys":false,"footnotes":""},"categories":[8,1,14,16],"tags":[],"class_list":["post-19475","post","type-post","status-publish","format-standard","has-post-thumbnail","hentry","category-agro","category-news","category-politica-agro","category-safra"],"_links":{"self":[{"href":"https:\/\/agromt.news\/index.php?rest_route=\/wp\/v2\/posts\/19475"}],"collection":[{"href":"https:\/\/agromt.news\/index.php?rest_route=\/wp\/v2\/posts"}],"about":[{"href":"https:\/\/agromt.news\/index.php?rest_route=\/wp\/v2\/types\/post"}],"author":[{"embeddable":true,"href":"https:\/\/agromt.news\/index.php?rest_route=\/wp\/v2\/users\/1"}],"replies":[{"embeddable":true,"href":"https:\/\/agromt.news\/index.php?rest_route=%2Fwp%2Fv2%2Fcomments&post=19475"}],"version-history":[{"count":0,"href":"https:\/\/agromt.news\/index.php?rest_route=\/wp\/v2\/posts\/19475\/revisions"}],"wp:featuredmedia":[{"embeddable":true,"href":"https:\/\/agromt.news\/index.php?rest_route=\/wp\/v2\/media\/19476"}],"wp:attachment":[{"href":"https:\/\/agromt.news\/index.php?rest_route=%2Fwp%2Fv2%2Fmedia&parent=19475"}],"wp:term":[{"taxonomy":"category","embeddable":true,"href":"https:\/\/agromt.news\/index.php?rest_route=%2Fwp%2Fv2%2Fcategories&post=19475"},{"taxonomy":"post_tag","embeddable":true,"href":"https:\/\/agromt.news\/index.php?rest_route=%2Fwp%2Fv2%2Ftags&post=19475"}],"curies":[{"name":"wp","href":"https:\/\/api.w.org\/{rel}","templated":true}]}}