{"id":19473,"date":"2025-08-31T18:14:01","date_gmt":"2025-08-31T22:14:01","guid":{"rendered":"https:\/\/agromt.news\/?p=19473"},"modified":"2025-08-31T18:14:01","modified_gmt":"2025-08-31T22:14:01","slug":"agosto-traz-precos-mais-altos-para-a-soja-no-brasil-mercado-aquece-na-largada","status":"publish","type":"post","link":"https:\/\/agromt.news\/?p=19473","title":{"rendered":"Agosto traz pre\u00e7os mais altos para a soja no Brasil; mercado aquece &#8216;na largada&#8217;"},"content":{"rendered":"<p> <br \/>\n<br \/><img decoding=\"async\" src=\"https:\/\/agromt.news\/wp-content\/uploads\/2025\/08\/Agosto-traz-precos-mais-altos-para-a-soja-no-Brasil.png\" \/><\/p>\n<div>\n<p>O <a href=\"https:\/\/www.canalrural.com.br\/agricultura\/projeto-soja-brasil\/colheita-nos-eua-e-estrategia-da-china-travam-mercado-de-soja\/\">mercado <\/a>de soja encerrou agosto com pre\u00e7os em alta no Brasil e em Chicago. A primeira quinzena foi marcada por maior volume de neg\u00f3cios, mas na segunda metade do m\u00eas os agentes reduziram a disposi\u00e7\u00e3o de negociar. <\/p>\n<ul class=\"wp-block-list\">\n<li><strong><em>Fique por dentro das novidades e not\u00edcias recentes sobre a soja! Participe da nossa comunidade atrav\u00e9s do\u00a0<a href=\"https:\/\/chat.whatsapp.com\/BmMRwA0TZ2DHGyhzoaVEWu\">link<\/a>! \ud83c\udf31<\/em><\/strong><\/li>\n<\/ul>\n<p>Segundo a consultoria <a href=\"https:\/\/safras.com.br\/\">Safras &amp; Mercado<\/a>, no mercado externo, os contratos futuros da oleaginosa tamb\u00e9m tiveram avan\u00e7o consistente, ainda que limitado pela valoriza\u00e7\u00e3o do real frente ao d\u00f3lar.<\/p>\n<h2 class=\"wp-block-heading\" id=\"h-cotacoes-de-soja\">Cota\u00e7\u00f5es de soja <\/h2>\n<p>No Brasil, a saca de 60 quilos registrou valoriza\u00e7\u00e3o em importantes pra\u00e7as: em Passo Fundo (RS), passou de R$ 132,00 para R$ 133,00; em Cascavel (PR), de R$ 132,00 para R$ 134,00; em Rondon\u00f3polis (MT), de R$ 121,00 para R$ 127,00; e no porto de Paranagu\u00e1 (PR), de R$ 137,00 para R$ 139,00.<\/p>\n<h2 class=\"wp-block-heading\" id=\"h-contratos-futuros-de-soja\">Contratos futuros de soja<\/h2>\n<p>Na Bolsa de Chicago (CBOT), os contratos com vencimento em novembro, os mais negociados, acumularam valoriza\u00e7\u00e3o de 5,43% em agosto. A posi\u00e7\u00e3o encerrou a manh\u00e3 desta sexta-feira, 29, a US$ 10,43 por bushel, frente aos US$ 9,89 do in\u00edcio do m\u00eas.<\/p>\n<\/div>\n<div>\n<h2 class=\"wp-block-heading\" id=\"h-usda\">USDA<\/h2>\n<p>A firmeza em Chicago ganhou for\u00e7a ap\u00f3s o relat\u00f3rio de agosto do Departamento de Agricultura dos Estados Unidos (USDA), que reduziu as proje\u00e7\u00f5es de safra e estoques americanos para n\u00edveis abaixo do esperado pelo mercado. Dias depois, a tradicional <em>crop tour<\/em> da Pro Farmer confirmou um cen\u00e1rio de produ\u00e7\u00e3o ainda menor que o apontado pelo USDA.<\/p>\n<p>Apesar dos cortes, tanto o USDA quanto a Pro Farmer destacaram que os EUA caminham para colher uma safra cheia. Esse fator acabou limitando a recupera\u00e7\u00e3o dos contratos e retirando-os das m\u00e1ximas registradas ao longo do m\u00eas. O clima, \u00e0s v\u00e9speras da colheita, continua favorecendo o desenvolvimento das lavouras norte-americanas.<\/p>\n<p>Na frente da demanda, a China seguiu como ponto de aten\u00e7\u00e3o. Mesmo ap\u00f3s apelos do presidente Donald Trump, os compradores asi\u00e1ticos mantiveram a prefer\u00eancia pela soja sul-americana. A percep\u00e7\u00e3o do mercado \u00e9 de que, apesar das oscila\u00e7\u00f5es nas negocia\u00e7\u00f5es comerciais, a procura chinesa pela oleaginosa americana deve continuar contida.<\/p>\n<h2 class=\"wp-block-heading\" id=\"h-cambio\">C\u00e2mbio<\/h2>\n<p>O c\u00e2mbio, por sua vez, atuou como fator de press\u00e3o interna. Com a perspectiva de cortes nos juros nos Estados Unidos, o d\u00f3lar comercial recuou 3,47% em agosto, encerrando o m\u00eas a R$ 5,40, o que reduziu parte do impacto positivo dos ganhos de Chicago sobre as cota\u00e7\u00f5es brasileiras.<\/p>\n<\/p><\/div>\n<p><br \/>\n<br \/><a href=\"https:\/\/www.canalrural.com.br\/agricultura\/projeto-soja-brasil\/agosto-traz-precos-mais-altos-para-a-soja-no-brasil-mercado-aquece-na-largada\/\">Source link <\/a><\/p>\n","protected":false},"excerpt":{"rendered":"<p>O mercado de soja encerrou agosto com pre\u00e7os em alta no Brasil e em Chicago. A primeira quinzena foi marcada<\/p>\n","protected":false},"author":1,"featured_media":19474,"comment_status":"open","ping_status":"open","sticky":false,"template":"","format":"standard","meta":{"_monsterinsights_skip_tracking":false,"_monsterinsights_sitenote_active":false,"_monsterinsights_sitenote_note":"","_monsterinsights_sitenote_category":0,"_uf_show_specific_survey":0,"_uf_disable_surveys":false,"footnotes":""},"categories":[1],"tags":[],"class_list":["post-19473","post","type-post","status-publish","format-standard","has-post-thumbnail","hentry","category-news"],"_links":{"self":[{"href":"https:\/\/agromt.news\/index.php?rest_route=\/wp\/v2\/posts\/19473"}],"collection":[{"href":"https:\/\/agromt.news\/index.php?rest_route=\/wp\/v2\/posts"}],"about":[{"href":"https:\/\/agromt.news\/index.php?rest_route=\/wp\/v2\/types\/post"}],"author":[{"embeddable":true,"href":"https:\/\/agromt.news\/index.php?rest_route=\/wp\/v2\/users\/1"}],"replies":[{"embeddable":true,"href":"https:\/\/agromt.news\/index.php?rest_route=%2Fwp%2Fv2%2Fcomments&post=19473"}],"version-history":[{"count":0,"href":"https:\/\/agromt.news\/index.php?rest_route=\/wp\/v2\/posts\/19473\/revisions"}],"wp:featuredmedia":[{"embeddable":true,"href":"https:\/\/agromt.news\/index.php?rest_route=\/wp\/v2\/media\/19474"}],"wp:attachment":[{"href":"https:\/\/agromt.news\/index.php?rest_route=%2Fwp%2Fv2%2Fmedia&parent=19473"}],"wp:term":[{"taxonomy":"category","embeddable":true,"href":"https:\/\/agromt.news\/index.php?rest_route=%2Fwp%2Fv2%2Fcategories&post=19473"},{"taxonomy":"post_tag","embeddable":true,"href":"https:\/\/agromt.news\/index.php?rest_route=%2Fwp%2Fv2%2Ftags&post=19473"}],"curies":[{"name":"wp","href":"https:\/\/api.w.org\/{rel}","templated":true}]}}