{"id":19466,"date":"2025-08-31T14:00:11","date_gmt":"2025-08-31T18:00:11","guid":{"rendered":"https:\/\/agromt.news\/?p=19466"},"modified":"2025-08-31T14:00:11","modified_gmt":"2025-08-31T18:00:11","slug":"vigilia-religiosa-pede-conscientizacao-ambiental","status":"publish","type":"post","link":"https:\/\/agromt.news\/?p=19466","title":{"rendered":"vig\u00edlia religiosa pede conscientiza\u00e7\u00e3o ambiental"},"content":{"rendered":"<p> <br \/>\n<br \/><img decoding=\"async\" src=\"https:\/\/agromt.news\/wp-content\/uploads\/2025\/08\/vigilia-religiosa-pede-conscientizacao-ambiental.webp.webp\" \/><\/p>\n<div>\n<p>Com a proximidade da 30\u00aa Confer\u00eancia das Na\u00e7\u00f5es Unidas sobre Mudan\u00e7a do Clima (<a href=\"https:\/\/www.canalrural.com.br\/?s=COP30\">COP30<\/a>), marcada para ocorrer em Bel\u00e9m entre os dias 10 e 21 de novembro, o Instituto de Estudos da Religi\u00e3o (Iser) realiza, no Rio de Janeiro, a edi\u00e7\u00e3o carioca da Vig\u00edlia pela Terra. O evento re\u00fane diversas comunidades e organiza\u00e7\u00f5es da sociedade civil com o objetivo de promover a conscientiza\u00e7\u00e3o ambiental sobre os impactos do aquecimento global e a import\u00e2ncia de a\u00e7\u00f5es concretas para proteger o planeta.<\/p>\n<p>\u201cOs grupos de f\u00e9, a partir das suas vertentes, livros sagrados, cren\u00e7as, s\u00e3o originalmente protetores da casa comum, da natureza, da Terra. \u00c9 muito importante ter representantes dos grupos religiosos como aliados na prote\u00e7\u00e3o ambiental e na sensibiliza\u00e7\u00e3o da popula\u00e7\u00e3o\u201d, afirmou Ana Carolina Evangelista, diretora-executiva do Iser.<\/p>\n<\/div>\n<div>\n<h2 class=\"wp-block-heading\" id=\"h-fe-sustentabilidade-e-protecao-ambiental\">F\u00e9, sustentabilidade e prote\u00e7\u00e3o ambiental<\/h2>\n<p>Essa iniciativa j\u00e1 passou por Bras\u00edlia e Porto Alegre e, ap\u00f3s o Rio de Janeiro, seguir\u00e1 para Manaus, Natal e Recife, culminando em Bel\u00e9m durante a COP30. Ana Carolina explica que o formato descentralizado permite que lideran\u00e7as locais contribuam diretamente para o debate sobre prote\u00e7\u00e3o ambiental: \u201cSelecionamos capitais em todas as regi\u00f5es para visibilizar o que as lideran\u00e7as religiosas est\u00e3o fazendo pela promo\u00e7\u00e3o do meio ambiente\u201d.<\/p>\n<p>O evento tamb\u00e9m apresenta atra\u00e7\u00f5es culturais, como apresenta\u00e7\u00f5es musicais, dan\u00e7as e gastronomia, que ajudam a refor\u00e7ar a mensagem de cuidado com a natureza. Para os organizadores, essas atividades s\u00e3o importantes para engajar a popula\u00e7\u00e3o de forma ampla e inclusiva.<\/p>\n<p>As informa\u00e7\u00f5es s\u00e3o da <a href=\"https:\/\/agenciabrasil.ebc.com.br\/\">Ag\u00eancia Brasil<\/a>.<\/p>\n<\/p><\/div>\n<p><br \/>\n<br \/><a href=\"https:\/\/www.canalrural.com.br\/cop30\/cop30-no-brasil-vigilia-religiosa-pede-conscientizacao-ambiental\/\">Source link <\/a><\/p>\n","protected":false},"excerpt":{"rendered":"<p>Com a proximidade da 30\u00aa Confer\u00eancia das Na\u00e7\u00f5es Unidas sobre Mudan\u00e7a do Clima (COP30), marcada para ocorrer em Bel\u00e9m entre<\/p>\n","protected":false},"author":1,"featured_media":19467,"comment_status":"open","ping_status":"open","sticky":false,"template":"","format":"standard","meta":{"_monsterinsights_skip_tracking":false,"_monsterinsights_sitenote_active":false,"_monsterinsights_sitenote_note":"","_monsterinsights_sitenote_category":0,"_uf_show_specific_survey":0,"_uf_disable_surveys":false,"footnotes":""},"categories":[1],"tags":[],"class_list":["post-19466","post","type-post","status-publish","format-standard","has-post-thumbnail","hentry","category-news"],"_links":{"self":[{"href":"https:\/\/agromt.news\/index.php?rest_route=\/wp\/v2\/posts\/19466"}],"collection":[{"href":"https:\/\/agromt.news\/index.php?rest_route=\/wp\/v2\/posts"}],"about":[{"href":"https:\/\/agromt.news\/index.php?rest_route=\/wp\/v2\/types\/post"}],"author":[{"embeddable":true,"href":"https:\/\/agromt.news\/index.php?rest_route=\/wp\/v2\/users\/1"}],"replies":[{"embeddable":true,"href":"https:\/\/agromt.news\/index.php?rest_route=%2Fwp%2Fv2%2Fcomments&post=19466"}],"version-history":[{"count":0,"href":"https:\/\/agromt.news\/index.php?rest_route=\/wp\/v2\/posts\/19466\/revisions"}],"wp:featuredmedia":[{"embeddable":true,"href":"https:\/\/agromt.news\/index.php?rest_route=\/wp\/v2\/media\/19467"}],"wp:attachment":[{"href":"https:\/\/agromt.news\/index.php?rest_route=%2Fwp%2Fv2%2Fmedia&parent=19466"}],"wp:term":[{"taxonomy":"category","embeddable":true,"href":"https:\/\/agromt.news\/index.php?rest_route=%2Fwp%2Fv2%2Fcategories&post=19466"},{"taxonomy":"post_tag","embeddable":true,"href":"https:\/\/agromt.news\/index.php?rest_route=%2Fwp%2Fv2%2Ftags&post=19466"}],"curies":[{"name":"wp","href":"https:\/\/api.w.org\/{rel}","templated":true}]}}