{"id":19459,"date":"2025-08-31T10:11:54","date_gmt":"2025-08-31T14:11:54","guid":{"rendered":"https:\/\/agromt.news\/?p=19459"},"modified":"2025-08-31T10:11:54","modified_gmt":"2025-08-31T14:11:54","slug":"plantio-de-soja-25-26-comeca-a-se-aproximar-no-sul-do-brasil","status":"publish","type":"post","link":"https:\/\/agromt.news\/?p=19459","title":{"rendered":"Plantio de soja 25\/26 come\u00e7a a se aproximar no Sul do Brasil"},"content":{"rendered":"<p> <br \/>\n<br \/><img decoding=\"async\" src=\"https:\/\/agromt.news\/wp-content\/uploads\/2024\/09\/plantio-soja-Mapa.jpg\" \/><\/p>\n<div>\n<p>Produtores do Sul do Brasil est\u00e3o em contagem regressiva para a abertura oficial do calend\u00e1rio de <a href=\"https:\/\/www.canalrural.com.br\/agricultura\/projeto-soja-brasil\/presidente-da-aprosoja-ms-convida-produtores-para-a-abertura-nacional-do-plantio-da-soja\/\">plantio <\/a>de soja da safra 2025\/26. Algumas regi\u00f5es j\u00e1 poder\u00e3o iniciar os trabalhos a partir desta segunda-feira (1\u00ba), e a expectativa \u00e9 de que o clima colabore para o desenvolvimento inicial da cultura, especialmente em Santa Catarina e no Rio Grande do Sul.<\/p>\n<p><iframe title=\"Confira a previs\u00e3o do tempo para as regi\u00f5es produtoras de soja\" width=\"800\" height=\"450\" src=\"https:\/\/www.youtube.com\/embed\/bAIeaU4kymA?feature=oembed\" frameborder=\"0\" allow=\"accelerometer; autoplay; clipboard-write; encrypted-media; gyroscope; picture-in-picture; web-share\" referrerpolicy=\"strict-origin-when-cross-origin\" allowfullscreen><\/iframe><\/p>\n<ul class=\"wp-block-list\">\n<li><strong><em>Fique por dentro das novidades e not\u00edcias recentes sobre a soja! Participe da nossa comunidade atrav\u00e9s do\u00a0<a href=\"https:\/\/chat.whatsapp.com\/BmMRwA0TZ2DHGyhzoaVEWu\">link<\/a>! \ud83c\udf31<\/em><\/strong><\/li>\n<\/ul>\n<h2 class=\"wp-block-heading\" id=\"h-parana\">Paran\u00e1<\/h2>\n<p>No Paran\u00e1, o calend\u00e1rio de plantio \u00e9 dividido em tr\u00eas regi\u00f5es. A faixa leste do estado, classificada como regi\u00e3o um, pode iniciar a semeadura em 20 de setembro, com prazo at\u00e9 20 de janeiro. J\u00e1 a regi\u00e3o dois, que abrange o oeste e o centro-norte paranaense, tem in\u00edcio mais cedo, em 1\u00ba de setembro, e segue at\u00e9 31 de dezembro. A regi\u00e3o tr\u00eas, que corresponde ao sul-central, est\u00e1 autorizada a plantar entre 11 de setembro e 10 de janeiro. <\/p>\n<p>Os pr\u00f3ximos cinco dias n\u00e3o devem trazer chuvas volumosas ao estado, o que mant\u00e9m a preocupa\u00e7\u00e3o com a umidade do solo, sobretudo no centro-norte. Em Assis Chateaubriand, uma das principais \u00e1reas produtoras, a expectativa \u00e9 de que as precipita\u00e7\u00f5es retornem apenas na segunda quinzena de setembro, com possibilidade de acumular at\u00e9 100 mil\u00edmetros em duas semanas, considerado um cen\u00e1rio animador.<\/p>\n<\/div>\n<div>\n<h2 class=\"wp-block-heading\" id=\"h-situacao-de-soja-em-sc\">Situa\u00e7\u00e3o de soja em SC<\/h2>\n<p>Em Santa Catarina, o calend\u00e1rio tamb\u00e9m \u00e9 dividido em duas grandes \u00e1reas. O litoral sul e o extremo sul s\u00f3 podem come\u00e7ar a semeadura em 13 de outubro, com prazo at\u00e9 10 de fevereiro. No restante do estado, que inclui o oeste, o meio-oeste, o Planalto Norte e a regi\u00e3o central, o plantio come\u00e7a em 22 de setembro e termina em 22 de janeiro. <\/p>\n<p>A previs\u00e3o entre os dias 3 e 7 de setembro indica cerca de 20 mil\u00edmetros de chuva, suficientes para manter a boa umidade do solo. <\/p>\n<p>Na regi\u00e3o de Abelardo Luz, um dos polos produtivos catarinenses, o volume previsto para outubro deve alcan\u00e7ar 200 mil\u00edmetros em 30 dias. Essa condi\u00e7\u00e3o pode atrasar levemente a semeadura no in\u00edcio, mas tende a garantir bons n\u00edveis de umidade para o avan\u00e7o da safra.<\/p>\n<h2 class=\"wp-block-heading\" id=\"h-rio-grande-do-sul-chuvas-previstas\">Rio Grande do Sul: chuvas previstas<\/h2>\n<p>No Rio Grande do Sul, todo o estado segue um calend\u00e1rio unificado, com in\u00edcio em 1\u00ba de outubro e t\u00e9rmino em 28 de janeiro. As chuvas devem contemplar entre 150 e 180 mil\u00edmetros j\u00e1 no come\u00e7o de outubro em regi\u00f5es como Tupanciret\u00e3. Embora a umidade seja considerada favor\u00e1vel para o plantio, h\u00e1 risco de excesso de precipita\u00e7\u00e3o no centro-sul ga\u00facho, o que pode dificultar os trabalhos de campo em determinados momentos.<\/p>\n<\/p><\/div>\n<p><br \/>\n<br \/><a href=\"https:\/\/www.canalrural.com.br\/agricultura\/projeto-soja-brasil\/plantio-de-soja-25-26-comeca-a-se-aproximar-no-sul-do-brasil\/\">Source link <\/a><\/p>\n","protected":false},"excerpt":{"rendered":"<p>Produtores do Sul do Brasil est\u00e3o em contagem regressiva para a abertura oficial do calend\u00e1rio de plantio de soja da<\/p>\n","protected":false},"author":1,"featured_media":1141,"comment_status":"open","ping_status":"open","sticky":false,"template":"","format":"standard","meta":{"_monsterinsights_skip_tracking":false,"_monsterinsights_sitenote_active":false,"_monsterinsights_sitenote_note":"","_monsterinsights_sitenote_category":0,"_uf_show_specific_survey":0,"_uf_disable_surveys":false,"footnotes":""},"categories":[1],"tags":[],"class_list":["post-19459","post","type-post","status-publish","format-standard","has-post-thumbnail","hentry","category-news"],"_links":{"self":[{"href":"https:\/\/agromt.news\/index.php?rest_route=\/wp\/v2\/posts\/19459"}],"collection":[{"href":"https:\/\/agromt.news\/index.php?rest_route=\/wp\/v2\/posts"}],"about":[{"href":"https:\/\/agromt.news\/index.php?rest_route=\/wp\/v2\/types\/post"}],"author":[{"embeddable":true,"href":"https:\/\/agromt.news\/index.php?rest_route=\/wp\/v2\/users\/1"}],"replies":[{"embeddable":true,"href":"https:\/\/agromt.news\/index.php?rest_route=%2Fwp%2Fv2%2Fcomments&post=19459"}],"version-history":[{"count":0,"href":"https:\/\/agromt.news\/index.php?rest_route=\/wp\/v2\/posts\/19459\/revisions"}],"wp:featuredmedia":[{"embeddable":true,"href":"https:\/\/agromt.news\/index.php?rest_route=\/wp\/v2\/media\/1141"}],"wp:attachment":[{"href":"https:\/\/agromt.news\/index.php?rest_route=%2Fwp%2Fv2%2Fmedia&parent=19459"}],"wp:term":[{"taxonomy":"category","embeddable":true,"href":"https:\/\/agromt.news\/index.php?rest_route=%2Fwp%2Fv2%2Fcategories&post=19459"},{"taxonomy":"post_tag","embeddable":true,"href":"https:\/\/agromt.news\/index.php?rest_route=%2Fwp%2Fv2%2Ftags&post=19459"}],"curies":[{"name":"wp","href":"https:\/\/api.w.org\/{rel}","templated":true}]}}