{"id":19449,"date":"2025-08-30T20:28:34","date_gmt":"2025-08-31T00:28:34","guid":{"rendered":"https:\/\/agromt.news\/?p=19449"},"modified":"2025-08-30T20:28:34","modified_gmt":"2025-08-31T00:28:34","slug":"mercado-global-de-graos-atento-ao-clima","status":"publish","type":"post","link":"https:\/\/agromt.news\/?p=19449","title":{"rendered":"Mercado global de gr\u00e3os atento ao clima"},"content":{"rendered":"<p> <br \/>\n<\/p>\n<div>\n<div class=\"row\">\n<div class=\"col-lg col-infos mt-0 mt-lg-0\">\n<div class=\"section-sub-title\">\n<p itemprop=\"description\">&#13;<br \/>\n                                No milho, a confirma\u00e7\u00e3o de uma safra cheia levou a quedas superiores a 4%&#13;\n                            <\/p>\n<\/p><\/div>\n<div class=\"container\">\n<div class=\"row\">\n<div class=\"col-lg p-0\">\n<div>\n<div class=\"block-news-main-infos mt-3 text-start\">\n<p>                                            <strong class=\"fn\" itemprop=\"author\" style=\"color: rgb(112, 112, 112); \">&#13;<br \/>\n                                                <a href=\"https:\/\/www.agrolink.com.br\/noticias\/javascript:;\" class=\"text-uppercase\" target=\"_blank\" style=\"color: rgb(112, 112, 112); \" rel=\"noopener\">Agrolink<\/a>&#13;<br \/>\n&#13;<br \/>\n                                                    &#8211; Leonardo Gottems&#13;<br \/>\n&#13;<br \/>\n                                            <\/strong><br \/>\n                                        <\/p>\n<p>                                            <abbr><time datetime=\"2025-08-29T15:09\" itemprop=\"datePublished dateModified\">Publicado em 29\/08\/2025 \u00e0s 15:09h.<\/time><\/abbr><br \/>\n                                            <\/p><\/div>\n<\/p><\/div>\n<\/p><\/div>\n<div class=\"col-lg p-0 text-lg-end\">\n<div>\n<div id=\"mdEnviarPagina\" class=\"modal fade\" role=\"dialog\">\n<div class=\"modal-dialog\">\n<div class=\"modal-content\">\n<div class=\"modal-body\">\n<p><strong>Estimado usu\u00e1rio.<\/strong><br \/>Preencha o formul\u00e1rio abaixo para remeter a p\u00e1gina.<\/p>\n<\/p><\/div>\n<\/p><\/div>\n<\/p><\/div>\n<\/div><\/div>\n<\/p><\/div>\n<\/p><\/div>\n<\/p><\/div>\n<\/p><\/div>\n<\/p><\/div>\n<div class=\"row justify-content-md-center mt-3\">\n<div class=\"col-lg-auto col-image block-news-main-image\">\n<p>                                <img decoding=\"async\" src=\"https:\/\/www.agrolink.com.br\/upload\/imagens-resizes\/5b00f3b276184034ae643932cc787265_858x483.jpg\" class=\"lazyload img-fluid\" alt=\"No milho, a confirma\u00e7\u00e3o de uma safra cheia levou a quedas superiores a 4%\"\/><br \/>\n                                                <span class=\"d-block mt-1\">No milho, a confirma\u00e7\u00e3o de uma safra cheia levou a quedas superiores a 4% &#8211; Foto: USDA<\/span><\/p><\/div>\n<\/p><\/div>\n<div class=\"section-description section-description-noticias mt-3\">\n<p>O mercado internacional de gr\u00e3os atravessa semanas decisivas, marcado pelo chamado weather market, que se intensifica entre agosto e setembro, fase cr\u00edtica para as lavouras americanas. Nos Estados Unidos, embora algumas regi\u00f5es registrem clima mais seco, as chuvas regulares t\u00eam garantido bom desenvolvimento de <a href=\"https:\/\/www.agrolink.com.br\/culturas\/milho?utm_source=agrolink-detalhe-noticia&amp;utm_medium=detalhe-noticia&amp;utm_campaign=links-internos&#9;\" target=\"_blank\" rel=\"noopener\">milho<\/a> e <a href=\"https:\/\/www.agrolink.com.br\/culturas\/soja?utm_source=agrolink-detalhe-noticia&amp;utm_medium=detalhe-noticia&amp;utm_campaign=links-internos\" target=\"_blank\" rel=\"noopener\">soja<\/a>. O Pro Farmer Crop Tour 2025 confirmou produtividades superiores \u00e0 \u00faltima safra em estados como Indiana e Nebraska, mas ainda abaixo das estimativas oficiais do USDA, o que pode resultar em revis\u00f5es nos balan\u00e7os de oferta e demanda.&#13;\n<\/p>\n<p>\u201cMais do que os n\u00fameros, o Crop Tour funciona como uma leitura pr\u00e1tica de campo. Ele confirma produtividades consistentes, mas sinaliza que as estimativas do USDA podem estar superdimensionadas. Isso pode gerar revis\u00f5es no balan\u00e7o e impactar os estoques finais\u201d, analisa.<\/p>\n<p>No milho, a confirma\u00e7\u00e3o de uma safra cheia levou a quedas superiores a 4% nas cota\u00e7\u00f5es em Chicago, atingindo os menores n\u00edveis desde 2020. O aumento da produtividade pressiona os pre\u00e7os e limita movimentos de recupera\u00e7\u00e3o, mesmo em meio \u00e0s oscila\u00e7\u00f5es da demanda global. J\u00e1 a soja segue em dire\u00e7\u00e3o oposta: a redu\u00e7\u00e3o dos estoques no relat\u00f3rio mais recente do USDA apertou o balan\u00e7o e sustentou os pre\u00e7os, mantendo a atratividade dos pr\u00eamios pagos pelo Brasil.&#13;\n<\/p>\n<p>Para o Brasil, o cen\u00e1rio traz riscos e oportunidades. A forte demanda chinesa valoriza os pr\u00eamios da soja e estimula antecipa\u00e7\u00f5es de venda, enquanto no milho a menor competitividade frente ao produto americano reduz exporta\u00e7\u00f5es e direciona a oferta ao mercado interno, mantendo pre\u00e7os firmes mesmo com supersafra e c\u00e2mbio mais baixo. \u201cUma seca prolongada ou chuvas excessivas poderiam comprometer a produtividade e at\u00e9 mesmo atrasar a colheita. J\u00e1 vimos isso acontecer recentemente, quando a estimativa da soja foi cortada em fun\u00e7\u00e3o da redu\u00e7\u00e3o na \u00e1rea cultivada, o que tornou o balan\u00e7o interno mais apertado\u201d, finaliza.\u00a0<br \/>&#13;<br \/>\n\u00a0<\/p>\n<\/p><\/div>\n<\/p><\/div>\n<p><script data-cfasync=\"false\">\n    !function (f, b, e, v, n, t, s) {\n        if (f.fbq) return; n = f.fbq = function () {\n            n.callMethod ?\n                n.callMethod.apply(n, arguments) : n.queue.push(arguments)\n        };\n        if (!f._fbq) f._fbq = n; n.push = n; n.loaded = !0; n.version = '2.0';\n        n.queue = []; t = b.createElement(e); t.async = !0;\n        t.src = v; s = b.getElementsByTagName(e)[0];\n        s.parentNode.insertBefore(t, s)\n    }(window, document, 'script',\n        'https:\/\/connect.facebook.net\/en_US\/fbevents.js');\n    fbq('init', '522546078623747');\n    fbq('track', 'PageView');\n<\/script><br \/>\n<br \/><br \/>\n<br \/><a href=\"https:\/\/www.agrolink.com.br\/noticias\/mercado-global-de-graos-atento-ao-clima_505453.html\">Source link <\/a><\/p>\n","protected":false},"excerpt":{"rendered":"<p>&#13; No milho, a confirma\u00e7\u00e3o de uma safra cheia levou a quedas superiores a 4%&#13; &#13; Agrolink&#13; &#13; &#8211; Leonardo<\/p>\n","protected":false},"author":1,"featured_media":1670,"comment_status":"open","ping_status":"open","sticky":false,"template":"","format":"standard","meta":{"_monsterinsights_skip_tracking":false,"_monsterinsights_sitenote_active":false,"_monsterinsights_sitenote_note":"","_monsterinsights_sitenote_category":0,"_uf_show_specific_survey":0,"_uf_disable_surveys":false,"footnotes":""},"categories":[8,1,14],"tags":[],"class_list":["post-19449","post","type-post","status-publish","format-standard","has-post-thumbnail","hentry","category-agro","category-news","category-politica-agro"],"_links":{"self":[{"href":"https:\/\/agromt.news\/index.php?rest_route=\/wp\/v2\/posts\/19449"}],"collection":[{"href":"https:\/\/agromt.news\/index.php?rest_route=\/wp\/v2\/posts"}],"about":[{"href":"https:\/\/agromt.news\/index.php?rest_route=\/wp\/v2\/types\/post"}],"author":[{"embeddable":true,"href":"https:\/\/agromt.news\/index.php?rest_route=\/wp\/v2\/users\/1"}],"replies":[{"embeddable":true,"href":"https:\/\/agromt.news\/index.php?rest_route=%2Fwp%2Fv2%2Fcomments&post=19449"}],"version-history":[{"count":0,"href":"https:\/\/agromt.news\/index.php?rest_route=\/wp\/v2\/posts\/19449\/revisions"}],"wp:featuredmedia":[{"embeddable":true,"href":"https:\/\/agromt.news\/index.php?rest_route=\/wp\/v2\/media\/1670"}],"wp:attachment":[{"href":"https:\/\/agromt.news\/index.php?rest_route=%2Fwp%2Fv2%2Fmedia&parent=19449"}],"wp:term":[{"taxonomy":"category","embeddable":true,"href":"https:\/\/agromt.news\/index.php?rest_route=%2Fwp%2Fv2%2Fcategories&post=19449"},{"taxonomy":"post_tag","embeddable":true,"href":"https:\/\/agromt.news\/index.php?rest_route=%2Fwp%2Fv2%2Ftags&post=19449"}],"curies":[{"name":"wp","href":"https:\/\/api.w.org\/{rel}","templated":true}]}}