{"id":19445,"date":"2025-08-30T18:29:31","date_gmt":"2025-08-30T22:29:31","guid":{"rendered":"https:\/\/agromt.news\/?p=19445"},"modified":"2025-08-30T18:29:31","modified_gmt":"2025-08-30T22:29:31","slug":"area-de-feijao-deve-cair-34-na-safra-25-26","status":"publish","type":"post","link":"https:\/\/agromt.news\/?p=19445","title":{"rendered":"\u00e1rea de feij\u00e3o deve cair 34% na safra 25\/26"},"content":{"rendered":"<p> <br \/>\n<\/p>\n<div>\n<div class=\"row\">\n<div class=\"col-lg col-infos mt-0 mt-lg-0\">\n<div class=\"section-sub-title\">\n<p itemprop=\"description\">&#13;<br \/>\n                                Feij\u00e3o preto segue o preferido entre produtores do Estado&#13;\n                            <\/p>\n<\/p><\/div>\n<div class=\"container\">\n<div class=\"row\">\n<div class=\"col-lg p-0\">\n<div>\n<div class=\"block-news-main-infos mt-3 text-start\">\n<p>                                            <strong class=\"fn\" itemprop=\"author\" style=\"color: rgb(112, 112, 112); \">&#13;<br \/>\n                                                <a href=\"https:\/\/www.agrolink.com.br\/noticias\/javascript:;\" class=\"text-uppercase\" target=\"_blank\" style=\"color: rgb(112, 112, 112); \" rel=\"noopener\">Agrolink<\/a>&#13;<br \/>\n&#13;<br \/>\n                                                    &#8211; Seane Lennon&#13;<br \/>\n&#13;<br \/>\n                                            <\/strong><br \/>\n                                        <\/p>\n<p>                                            <abbr><time datetime=\"2025-08-29T15:14\" itemprop=\"datePublished dateModified\">Publicado em 29\/08\/2025 \u00e0s 15:14h.<\/time><\/abbr><br \/>\n                                            <\/p><\/div>\n<\/p><\/div>\n<\/p><\/div>\n<div class=\"col-lg p-0 text-lg-end\">\n<div>\n<div id=\"mdEnviarPagina\" class=\"modal fade\" role=\"dialog\">\n<div class=\"modal-dialog\">\n<div class=\"modal-content\">\n<div class=\"modal-body\">\n<p><strong>Estimado usu\u00e1rio.<\/strong><br \/>Preencha o formul\u00e1rio abaixo para remeter a p\u00e1gina.<\/p>\n<\/p><\/div>\n<\/p><\/div>\n<\/p><\/div>\n<\/div><\/div>\n<\/p><\/div>\n<\/p><\/div>\n<\/p><\/div>\n<\/p><\/div>\n<\/p><\/div>\n<div class=\"row justify-content-md-center mt-3\">\n<div class=\"col-lg-auto col-image block-news-main-image\">\n<p>                                <img decoding=\"async\" src=\"https:\/\/www.agrolink.com.br\/upload\/imagens-resizes\/1eb12df44acc4858803d6d4f30a3aacc_858x483.jpg\" class=\"lazyload img-fluid\"\/><br \/>\n                                                <span class=\"publicity-photo d-block mt-1\">Foto: Canva<\/span><\/p><\/div>\n<\/p><\/div>\n<div class=\"section-description section-description-noticias mt-3\">\n<p style=\"text-align:justify\">O Departamento de Economia Rural (Deral), da Secretaria de Estado da Agricultura e do Abastecimento (Seab), divulgou nesta quinta-feira (28) a primeira estimativa para a \u00e1rea de <a href=\"https:\/\/www.agrolink.com.br\/culturas\/feijao\/?utm_source=agrolink-detalhe-noticia&amp;utm_medium=detalhe-noticia&amp;utm_campaign=links-internos\" target=\"_blank\" rel=\"noopener\">feij\u00e3o<\/a> da safra 2025\/26 no Paran\u00e1. O levantamento indica 111 mil hectares a serem semeados, n\u00famero 34% inferior ao registrado no mesmo per\u00edodo do ano passado, quando foram cultivados 168 mil hectares.&#13;\n<\/p>\n<p style=\"text-align:justify\">De acordo com o Deral, cerca de 1% da \u00e1rea j\u00e1 foi plantada, e o processo deve seguir at\u00e9 novembro. O \u00f3rg\u00e3o ressalta que a extens\u00e3o final pode sofrer altera\u00e7\u00f5es conforme a conjuntura do mercado. &#8220;Se confirmada, a \u00e1rea ser\u00e1 muito pr\u00f3xima \u00e0 observada h\u00e1 dois anos, quando o cultivo atingiu 112 mil hectares&#8221;, informou o boletim.<\/p>\n<p style=\"text-align:justify\">O estudo destaca que a cultura do feij\u00e3o vem perdendo espa\u00e7o para a soja e, mais recentemente, tamb\u00e9m para o milho. A exce\u00e7\u00e3o foi a safra 2024\/25, quando a \u00e1rea plantada cresceu de forma expressiva devido ao aumento das exporta\u00e7\u00f5es. No entanto, segundo os analistas, esse movimento ainda precisa se consolidar como alternativa consistente para manter o interesse dos produtores.&#13;\n<\/p>\n<p style=\"text-align:justify\">A produtividade inicial \u00e9 estimada em 2.000 quilos por hectare, o que pode resultar em 218 mil toneladas colhidas a partir do final deste ano, com pico em janeiro de 2026.<\/p>\n<p style=\"text-align:justify\">O boletim aponta que os pre\u00e7os est\u00e3o em queda em raz\u00e3o das boas colheitas anteriores, especialmente do feij\u00e3o preto, que foi o preferido pelos produtores no ciclo passado e deve manter essa posi\u00e7\u00e3o. Contudo, h\u00e1 expectativa de que o feij\u00e3o carioca recupere parte do espa\u00e7o perdido, favorecido pelos pre\u00e7os mais atrativos e pelas variedades de escurecimento lento, que possibilitam maior tempo de armazenamento sem perda de qualidade.<\/p>\n<p style=\"text-align:justify\">Outro fator observado \u00e9 a oferta de leil\u00f5es de feij\u00e3o pelo governo federal. Apesar de poderem dar mais liquidez ao mercado, os analistas avaliam que os efeitos devem ser limitados por conta do momento tardio em que as a\u00e7\u00f5es acontecem.<\/p>\n<\/p><\/div>\n<\/p><\/div>\n<p><script data-cfasync=\"false\">\n    !function (f, b, e, v, n, t, s) {\n        if (f.fbq) return; n = f.fbq = function () {\n            n.callMethod ?\n                n.callMethod.apply(n, arguments) : n.queue.push(arguments)\n        };\n        if (!f._fbq) f._fbq = n; n.push = n; n.loaded = !0; n.version = '2.0';\n        n.queue = []; t = b.createElement(e); t.async = !0;\n        t.src = v; s = b.getElementsByTagName(e)[0];\n        s.parentNode.insertBefore(t, s)\n    }(window, document, 'script',\n        'https:\/\/connect.facebook.net\/en_US\/fbevents.js');\n    fbq('init', '522546078623747');\n    fbq('track', 'PageView');\n<\/script><br \/>\n<br \/><br \/>\n<br \/><a href=\"https:\/\/www.agrolink.com.br\/noticias\/parana--area-de-feijao-deve-cair-34--na-safra-25-26_505454.html\">Source link <\/a><\/p>\n","protected":false},"excerpt":{"rendered":"<p>&#13; Feij\u00e3o preto segue o preferido entre produtores do Estado&#13; &#13; Agrolink&#13; &#13; &#8211; Seane Lennon&#13; &#13; Publicado em 29\/08\/2025<\/p>\n","protected":false},"author":1,"featured_media":3446,"comment_status":"open","ping_status":"open","sticky":false,"template":"","format":"standard","meta":{"_monsterinsights_skip_tracking":false,"_monsterinsights_sitenote_active":false,"_monsterinsights_sitenote_note":"","_monsterinsights_sitenote_category":0,"_uf_show_specific_survey":0,"_uf_disable_surveys":false,"footnotes":""},"categories":[8,1,14],"tags":[],"class_list":["post-19445","post","type-post","status-publish","format-standard","has-post-thumbnail","hentry","category-agro","category-news","category-politica-agro"],"_links":{"self":[{"href":"https:\/\/agromt.news\/index.php?rest_route=\/wp\/v2\/posts\/19445"}],"collection":[{"href":"https:\/\/agromt.news\/index.php?rest_route=\/wp\/v2\/posts"}],"about":[{"href":"https:\/\/agromt.news\/index.php?rest_route=\/wp\/v2\/types\/post"}],"author":[{"embeddable":true,"href":"https:\/\/agromt.news\/index.php?rest_route=\/wp\/v2\/users\/1"}],"replies":[{"embeddable":true,"href":"https:\/\/agromt.news\/index.php?rest_route=%2Fwp%2Fv2%2Fcomments&post=19445"}],"version-history":[{"count":0,"href":"https:\/\/agromt.news\/index.php?rest_route=\/wp\/v2\/posts\/19445\/revisions"}],"wp:featuredmedia":[{"embeddable":true,"href":"https:\/\/agromt.news\/index.php?rest_route=\/wp\/v2\/media\/3446"}],"wp:attachment":[{"href":"https:\/\/agromt.news\/index.php?rest_route=%2Fwp%2Fv2%2Fmedia&parent=19445"}],"wp:term":[{"taxonomy":"category","embeddable":true,"href":"https:\/\/agromt.news\/index.php?rest_route=%2Fwp%2Fv2%2Fcategories&post=19445"},{"taxonomy":"post_tag","embeddable":true,"href":"https:\/\/agromt.news\/index.php?rest_route=%2Fwp%2Fv2%2Ftags&post=19445"}],"curies":[{"name":"wp","href":"https:\/\/api.w.org\/{rel}","templated":true}]}}