{"id":19443,"date":"2025-08-30T17:32:35","date_gmt":"2025-08-30T21:32:35","guid":{"rendered":"https:\/\/agromt.news\/?p=19443"},"modified":"2025-08-30T17:32:35","modified_gmt":"2025-08-30T21:32:35","slug":"operacao-encontra-mais-de-2-toneladas-de-cafe-improprio-para-consumo-no-rio-de-janeiro","status":"publish","type":"post","link":"https:\/\/agromt.news\/?p=19443","title":{"rendered":"Opera\u00e7\u00e3o encontra mais de 2 toneladas de caf\u00e9 impr\u00f3prio para consumo no Rio de Janeiro"},"content":{"rendered":"<p> <br \/>\n<\/p>\n<div>\n<p>O Minist\u00e9rio da Agricultura e Pecu\u00e1ria (Mapa), em parceria com o Procon-RJ, a Secretaria de Defesa do Consumidor do Estado do Rio de Janeiro (Sedcon) e a Pol\u00edcia Militar do Estado do Rio de Janeiro, realizou, entre os dias 27 e 29 de agosto de 2025, uma opera\u00e7\u00e3o de fiscaliza\u00e7\u00e3o em ind\u00fastrias de caf\u00e9 torrado e mo\u00eddo na regi\u00e3o de Campos dos Goytacazes (RJ). O objetivo foi identificar e coibir pr\u00e1ticas irregulares no processamento de caf\u00e9, especialmente o uso de gr\u00e3os de baixa qualidade, como mofados e ardidos, e a presen\u00e7a de impurezas como cascas e paus de caf\u00e9.<\/p>\n<figure class=\"wp-block-image size-full\"><img fetchpriority=\"high\" decoding=\"async\" width=\"768\" height=\"467\" src=\"https:\/\/agromt.news\/wp-content\/uploads\/2025\/08\/Operacao-encontra-mais-de-2-toneladas-de-cafe-improprio-para.png\" alt=\"\" class=\"wp-image-4120080\"  \/><\/figure>\n<p>Durante a a\u00e7\u00e3o, foram inspecionadas quatro f\u00e1bricas, onde os auditores constataram lotes de caf\u00e9 cru e torrado em desacordo com os padr\u00f5es oficiais de qualidade previstos na Portaria SDA\/Mapa n\u00ba 570\/2022. Como resultado, 1.070 kg de caf\u00e9 impr\u00f3prio ao consumo humano foram destru\u00eddos no ato e 1.350 kg foram apreendidos para destina\u00e7\u00e3o adequada e an\u00e1lises laboratoriais. Tamb\u00e9m foram descaracterizadas tr\u00eas bobinas de r\u00f3tulos irregulares de diferentes marcas.<\/p>\n<\/div>\n<div>\n<p>Al\u00e9m da retirada imediata dos produtos irregulares, foram lavradas intima\u00e7\u00f5es com prazo de 90 dias para que as empresas adequem suas estruturas f\u00edsicas, processos de higiene e controle de qualidade, bem como implantem procedimentos formais de classifica\u00e7\u00e3o e rastreabilidade de mat\u00e9rias-primas.<\/p>\n<\/p><\/div>\n<p><br \/>\n<br \/><a href=\"https:\/\/www.canalrural.com.br\/agricultura\/operacao-encontra-mais-de-2-toneladas-de-cafe-improprio-para-consumo-no-rio-de-janeiro\/\">Source link <\/a><\/p>\n","protected":false},"excerpt":{"rendered":"<p>O Minist\u00e9rio da Agricultura e Pecu\u00e1ria (Mapa), em parceria com o Procon-RJ, a Secretaria de Defesa do Consumidor do Estado<\/p>\n","protected":false},"author":1,"featured_media":19444,"comment_status":"open","ping_status":"open","sticky":false,"template":"","format":"standard","meta":{"_monsterinsights_skip_tracking":false,"_monsterinsights_sitenote_active":false,"_monsterinsights_sitenote_note":"","_monsterinsights_sitenote_category":0,"_uf_show_specific_survey":0,"_uf_disable_surveys":false,"footnotes":""},"categories":[1],"tags":[],"class_list":["post-19443","post","type-post","status-publish","format-standard","has-post-thumbnail","hentry","category-news"],"_links":{"self":[{"href":"https:\/\/agromt.news\/index.php?rest_route=\/wp\/v2\/posts\/19443"}],"collection":[{"href":"https:\/\/agromt.news\/index.php?rest_route=\/wp\/v2\/posts"}],"about":[{"href":"https:\/\/agromt.news\/index.php?rest_route=\/wp\/v2\/types\/post"}],"author":[{"embeddable":true,"href":"https:\/\/agromt.news\/index.php?rest_route=\/wp\/v2\/users\/1"}],"replies":[{"embeddable":true,"href":"https:\/\/agromt.news\/index.php?rest_route=%2Fwp%2Fv2%2Fcomments&post=19443"}],"version-history":[{"count":0,"href":"https:\/\/agromt.news\/index.php?rest_route=\/wp\/v2\/posts\/19443\/revisions"}],"wp:featuredmedia":[{"embeddable":true,"href":"https:\/\/agromt.news\/index.php?rest_route=\/wp\/v2\/media\/19444"}],"wp:attachment":[{"href":"https:\/\/agromt.news\/index.php?rest_route=%2Fwp%2Fv2%2Fmedia&parent=19443"}],"wp:term":[{"taxonomy":"category","embeddable":true,"href":"https:\/\/agromt.news\/index.php?rest_route=%2Fwp%2Fv2%2Fcategories&post=19443"},{"taxonomy":"post_tag","embeddable":true,"href":"https:\/\/agromt.news\/index.php?rest_route=%2Fwp%2Fv2%2Ftags&post=19443"}],"curies":[{"name":"wp","href":"https:\/\/api.w.org\/{rel}","templated":true}]}}