{"id":19440,"date":"2025-08-30T14:56:47","date_gmt":"2025-08-30T18:56:47","guid":{"rendered":"https:\/\/agromt.news\/?p=19440"},"modified":"2025-08-30T14:56:47","modified_gmt":"2025-08-30T18:56:47","slug":"planilha-calcula-custo-de-producao-e-tratamento-da-madeira-na-propriedade-rural","status":"publish","type":"post","link":"https:\/\/agromt.news\/?p=19440","title":{"rendered":"Planilha calcula custo de produ\u00e7\u00e3o e tratamento da madeira na propriedade rural"},"content":{"rendered":"<p> <br \/>\n<br \/><img decoding=\"async\" src=\"https:\/\/agromt.news\/wp-content\/uploads\/2025\/08\/Planilha-calcula-custo-de-producao-e-tratamento-da-madeira-na.jpeg\" \/><\/p>\n<div>\n<p>A madeira tratada pode ter in\u00fameros usos no estabelecimento rural. Pensando nisso, a Embrapa Pecu\u00e1ria Sul <strong><a href=\"https:\/\/www.canalrural.com.br\/nacional\/rio-grande-do-sul\/\">(RS)<\/a><\/strong> e a Universidade Federal de Pelotas (UFPel) disponibilizam ao produtor uma planilha exclusiva para o c\u00e1lculo do custo de produ\u00e7\u00e3o e do tratamento dessa mat\u00e9ria-prima. O objetivo \u00e9 aprimorar o planejamento e a gest\u00e3o do recurso nas propriedades.<\/p>\n<p>A planilha auxilia no c\u00e1lculo do volume de madeira a ser tratada; na obten\u00e7\u00e3o da quantidade de insumos necess\u00e1rios; na inclus\u00e3o de todos os custos envolvidos no tratamento e na obten\u00e7\u00e3o do seu custo por pe\u00e7a tratada. <\/p>\n<p>Caso o produtor tenha um plantio florestal na propriedade, a tecnologia tamb\u00e9m calcula o custo de produ\u00e7\u00e3o com a op\u00e7\u00e3o de adicion\u00e1-lo ao custo envolvido no tratamento da madeira. Para fazer o download, clique abaixo:<\/p>\n<h2 class=\"wp-block-heading\" id=\"h-substituicao-de-seiva\">Substitui\u00e7\u00e3o de seiva<\/h2>\n<p>Um dos tratamentos recomendados pela Embrapa \u00e9 o de substitui\u00e7\u00e3o de seiva, considerado um procedimento simples para ser feito pelo produtor <strong><a href=\"https:\/\/www.infoteca.cnptia.embrapa.br\/infoteca\/bitstream\/doc\/287281\/1\/comtec97.pdf\">(veja Comunicado T\u00e9cnico sobre)<\/a><\/strong>. Para isso, \u00e9 preciso dimensionar o volume da madeira a ser tratada e a quantidade de \u00e1gua e de produtos hidrossol\u00faveis usados no processo. <\/p>\n<p>Com a tecnologia, \u00e9 poss\u00edvel fazer os c\u00e1lculos automaticamente. \u201cA planilha \u00e9 um facilitador para o produtor rural calcular a quantidade de produto hidrossol\u00favel que ser\u00e1 usado na sua solu\u00e7\u00e3o preservativa. Em vez de estar fazendo uma s\u00e9rie de c\u00e1lculos, ele s\u00f3 vai inserir algumas informa\u00e7\u00f5es na planilha e j\u00e1 vai ter automaticamente os resultados\u201d, destaca o professor da UFPel e um dos respons\u00e1veis pela planilha, Leonardo Oliveira.<\/p>\n<\/div>\n<div>\n<p>Conforme o pesquisador da Embrapa H\u00e9lio Tonini, tamb\u00e9m da equipe que desenvolveu a ferramenta, fazer esse tipo de tratamento na propriedade pode ser vantajoso, principalmente para produtores detentores de pequenas \u00e1reas florestais em monocultivos ou sistemas silvipastoris que necessitam de madeira tratada para a manuten\u00e7\u00e3o de cercas e demais constru\u00e7\u00f5es rurais, reduzindo os custos com a compra de madeira e o frete at\u00e9 a propriedade.<\/p>\n<h2 class=\"wp-block-heading\" id=\"h-durabilidade-da-madeira-na-propriedade\">Durabilidade da madeira na propriedade<\/h2>\n<p>Tonini conta que, d\u00e9cadas atr\u00e1s, as tramas, mour\u00f5es, palanques, postes etc. utilizados nas cercas das propriedades eram provenientes de esp\u00e9cies nativas, geralmente dispon\u00edveis no local, como o angico vermelho e a guajuvira, consideradas de alta durabilidade natural. <\/p>\n<p>\u201cA durabilidade era um fator determinante para a escolha do material utilizado, j\u00e1 que essas pe\u00e7as de madeira t\u00eam contato direto com o solo e s\u00e3o expostas \u00e0s intemp\u00e9ries e a a\u00e7\u00e3o de fungos e insetos\u201d, lembra o pesquisador. <\/p>\n<p>\u201cCom a escassez de madeiras nativas de alta durabilidade natural, passou-se a confeccionar essas pe\u00e7as a partir da madeira de eucalipto, normalmente de plantios mais jovens e mais suscet\u00edveis \u00e0 degrada\u00e7\u00e3o por agentes decompositores e que necessitam de tratamento com subst\u00e2ncias qu\u00edmicas, capazes de proteg\u00ea-la da biodegrada\u00e7\u00e3o e de prolongar sua vida \u00fatil\u201d, detalha.<\/p>\n<p>Com o tratamento, a madeira tem durabilidade, no m\u00ednimo, cinco vezes maior. \u201cPor exemplo, se n\u00f3s colocarmos em contato com o solo, uma cerca com madeira de eucalipto sem nenhum tratamento vai durar de dois a tr\u00eas anos, no m\u00e1ximo, e vai se degradar. Entretanto, se fizermos o tratamento dessa pe\u00e7a, ela vai durar 15 anos ou mais. Portanto, a gente prolonga o uso e estende a vida \u00fatil desse material, e o produtor vai ter madeira com maior durabilidade dentro da sua propriedade\u201d afirma.<\/p>\n<\/p><\/div>\n<p><br \/>\n<br \/><a href=\"https:\/\/www.canalrural.com.br\/agricultura\/planilha-calcula-custo-de-producao-e-tratamento-da-madeira-na-propriedade-rural\/\">Source link <\/a><\/p>\n","protected":false},"excerpt":{"rendered":"<p>A madeira tratada pode ter in\u00fameros usos no estabelecimento rural. Pensando nisso, a Embrapa Pecu\u00e1ria Sul (RS) e a Universidade<\/p>\n","protected":false},"author":1,"featured_media":19441,"comment_status":"open","ping_status":"open","sticky":false,"template":"","format":"standard","meta":{"_monsterinsights_skip_tracking":false,"_monsterinsights_sitenote_active":false,"_monsterinsights_sitenote_note":"","_monsterinsights_sitenote_category":0,"_uf_show_specific_survey":0,"_uf_disable_surveys":false,"footnotes":""},"categories":[1],"tags":[],"class_list":["post-19440","post","type-post","status-publish","format-standard","has-post-thumbnail","hentry","category-news"],"_links":{"self":[{"href":"https:\/\/agromt.news\/index.php?rest_route=\/wp\/v2\/posts\/19440"}],"collection":[{"href":"https:\/\/agromt.news\/index.php?rest_route=\/wp\/v2\/posts"}],"about":[{"href":"https:\/\/agromt.news\/index.php?rest_route=\/wp\/v2\/types\/post"}],"author":[{"embeddable":true,"href":"https:\/\/agromt.news\/index.php?rest_route=\/wp\/v2\/users\/1"}],"replies":[{"embeddable":true,"href":"https:\/\/agromt.news\/index.php?rest_route=%2Fwp%2Fv2%2Fcomments&post=19440"}],"version-history":[{"count":0,"href":"https:\/\/agromt.news\/index.php?rest_route=\/wp\/v2\/posts\/19440\/revisions"}],"wp:featuredmedia":[{"embeddable":true,"href":"https:\/\/agromt.news\/index.php?rest_route=\/wp\/v2\/media\/19441"}],"wp:attachment":[{"href":"https:\/\/agromt.news\/index.php?rest_route=%2Fwp%2Fv2%2Fmedia&parent=19440"}],"wp:term":[{"taxonomy":"category","embeddable":true,"href":"https:\/\/agromt.news\/index.php?rest_route=%2Fwp%2Fv2%2Fcategories&post=19440"},{"taxonomy":"post_tag","embeddable":true,"href":"https:\/\/agromt.news\/index.php?rest_route=%2Fwp%2Fv2%2Ftags&post=19440"}],"curies":[{"name":"wp","href":"https:\/\/api.w.org\/{rel}","templated":true}]}}