{"id":19438,"date":"2025-08-30T14:35:09","date_gmt":"2025-08-30T18:35:09","guid":{"rendered":"https:\/\/agromt.news\/?p=19438"},"modified":"2025-08-30T14:35:09","modified_gmt":"2025-08-30T18:35:09","slug":"vigilancia-sanitaria-animal-reforca-seguranca-e-bem-estar-dos-pequenos-animais-que-chegam-a-expointer","status":"publish","type":"post","link":"https:\/\/agromt.news\/?p=19438","title":{"rendered":"Vigil\u00e2ncia Sanit\u00e1ria Animal refor\u00e7a seguran\u00e7a e bem-estar dos pequenos animais que chegam \u00e0 Expointer"},"content":{"rendered":"<p> <br \/>\n<\/p>\n<div>\n<p style=\"text-align:justify\">O Parque Estadual de Exposi\u00e7\u00f5es Assis Brasil, em Esteio, j\u00e1 recebeu cerca de 800 pequenos animais \u2013 galinhas e coelhos \u2013 para a 48\u00aa Expointer, que abre os port\u00f5es neste s\u00e1bado (30\/8). Para garantir a seguran\u00e7a sanit\u00e1ria e o bem-estar dos animais, bem como a prote\u00e7\u00e3o do p\u00fablico, 125 servidores do Departamento de Vigil\u00e2ncia e Defesa Sanit\u00e1ria Animal, entre m\u00e9dicos veterin\u00e1rios, zootecnistas e t\u00e9cnicos agr\u00edcolas, atuam desde domingo (24) na admiss\u00e3o sanit\u00e1ria e no controle zoot\u00e9cnico dos exemplares.&#13;\n<\/p>\n<p style=\"text-align:justify\">A diversidade \u00e9 um dos destaques do Pavilh\u00e3o dos Pequenos Animais: s\u00e3o 33 ra\u00e7as de aves, 28 de coelhos e quatro de p\u00e1ssaros em exposi\u00e7\u00e3o. De acordo com o comiss\u00e1rio-geral da feira, Pablo Char\u00e3o, a estrutura montada neste ano \u00e9 considerada a mais avan\u00e7ada do pa\u00eds em termos de biosseguran\u00e7a. \u201cUm dos diferenciais \u00e9 a separa\u00e7\u00e3o total entre os animais internos, participantes da exposi\u00e7\u00e3o, e os externos, como aves silvestres. Essa medida busca prevenir a circula\u00e7\u00e3o de doen\u00e7as, incluindo a gripe avi\u00e1ria\u201d, ressalta.<\/p>\n<p style=\"text-align:justify\">Segundo a fiscal estadual agropecu\u00e1ria Li\u00e8ge Ara\u00fajo, a concentra\u00e7\u00e3o de animais exige rigor no controle sanit\u00e1rio para impedir a entrada de exemplares doentes. Com novidade em 2025, o pavilh\u00e3o recebeu barreiras f\u00edsicas in\u00e9ditas, com cortinas pl\u00e1sticas e telas que bloqueiam a entrada de aves de vida livre, sem impedir a circula\u00e7\u00e3o do p\u00fablico. Ap\u00f3s dois anos de restri\u00e7\u00e3o \u00e0 participa\u00e7\u00e3o de aves por quest\u00f5es sanit\u00e1rias, a medida refor\u00e7a a preven\u00e7\u00e3o contra doen\u00e7as.<\/p>\n<p style=\"text-align:justify\"><strong>Produtor e galo estreantes<\/strong><\/p>\n<p style=\"text-align:justify\">Entre os expositores est\u00e1 Rafael Arenhardt, criador de 200 aves de ra\u00e7a pura em Cerro Largo. Ele trouxe 65 galinhas de sete ra\u00e7as diferentes e participa pela primeira vez de uma feira. Um de seus exemplares, um galo da ra\u00e7a New Hampshire de 10 meses, j\u00e1 passou por julgamento e concorre ao t\u00edtulo de grande campe\u00e3o da categoria.&#13;\n<\/p>\n<p style=\"text-align:justify\">\u201c\u00c9 a primeira vez que participo de uma feira, e estrear logo na Expointer \u00e9 uma honra\u201d, declara Rafael, que cria aves de ra\u00e7a pura desde 2019. O produtor saiu de sua cidade \u00e0s 8h30 do \u00faltimo domingo e chegou \u00e0s 7h30 de segunda-feira ao Parque Assis Brasil.<\/p>\n<p style=\"text-align:justify\"><strong>Vigil\u00e2ncia e bem-estar animal<\/strong><\/p>\n<p style=\"text-align:justify\">A equipe t\u00e9cnica da vigil\u00e2ncia tamb\u00e9m \u00e9 respons\u00e1vel pela homologa\u00e7\u00e3o dos julgamentos zoot\u00e9cnicos, realizados por jurados externos, que avaliam os animais inscritos. Esta mesma equipe tamb\u00e9m emite os documentos sanit\u00e1rios, como a Guia de Tr\u00e2nsito Animal (GTA), necess\u00e1ria para a movimenta\u00e7\u00e3o dos exemplares. Os julgamentos ocorrer\u00e3o ao longo de tr\u00eas dias, definindo os animais padr\u00e3o da feira, com homologa\u00e7\u00e3o oficial divulgada ap\u00f3s as avalia\u00e7\u00f5es.<\/p>\n<p style=\"text-align:justify\">Os requisitos de admiss\u00e3o variam conforme a esp\u00e9cie. Para aves, s\u00e3o exigidos nota fiscal, GTA, atestado sanit\u00e1rio emitido por m\u00e9dico veterin\u00e1rio, aplica\u00e7\u00e3o de anilhas de identifica\u00e7\u00e3o, protocolo vacinal contra as doen\u00e7as de Newcastle e Marek, al\u00e9m de exame negativo para Salmonella. Para coelhos, \u00e9 necess\u00e1rio apresentar o atestado sanit\u00e1rio com identifica\u00e7\u00e3o por tatuagem, al\u00e9m da nota fiscal e da GTA.&#13;\n<\/p>\n<p style=\"text-align:justify\">Al\u00e9m das medidas de seguran\u00e7a sanit\u00e1ria, a preocupa\u00e7\u00e3o com o bem-estar animal tamb\u00e9m \u00e9 prioridade. Ventiladores foram instalados para reduzir os efeitos do calor nas aves, e a equipe permanece de prontid\u00e3o durante todo o evento, monitorando constantemente os animais, acompanhando as vendas e prestando suporte na sa\u00edda dos exemplares comercializados. \u201cEm qualquer eventualidade, estamos preparados para agir e implementar as medidas necess\u00e1rias\u201d, afirma Li\u00e8ge Ara\u00fajo.<\/p>\n<\/p><\/div>\n<p><script data-cfasync=\"false\">\n    !function (f, b, e, v, n, t, s) {\n        if (f.fbq) return; n = f.fbq = function () {\n            n.callMethod ?\n                n.callMethod.apply(n, arguments) : n.queue.push(arguments)\n        };\n        if (!f._fbq) f._fbq = n; n.push = n; n.loaded = !0; n.version = '2.0';\n        n.queue = []; t = b.createElement(e); t.async = !0;\n        t.src = v; s = b.getElementsByTagName(e)[0];\n        s.parentNode.insertBefore(t, s)\n    }(window, document, 'script',\n        'https:\/\/connect.facebook.net\/en_US\/fbevents.js');\n    fbq('init', '522546078623747');\n    fbq('track', 'PageView');\n<\/script><br \/>\n<br \/><br \/>\n<br \/><a href=\"https:\/\/www.agrolink.com.br\/noticias\/vigilancia-sanitaria-animal-reforca-seguranca-e-bem-estar-dos-pequenos-animais-que-chegam-a-expointer_505456.html\">Source link <\/a><\/p>\n","protected":false},"excerpt":{"rendered":"<p>O Parque Estadual de Exposi\u00e7\u00f5es Assis Brasil, em Esteio, j\u00e1 recebeu cerca de 800 pequenos animais \u2013 galinhas e coelhos<\/p>\n","protected":false},"author":1,"featured_media":19439,"comment_status":"open","ping_status":"open","sticky":false,"template":"","format":"standard","meta":{"_monsterinsights_skip_tracking":false,"_monsterinsights_sitenote_active":false,"_monsterinsights_sitenote_note":"","_monsterinsights_sitenote_category":0,"_uf_show_specific_survey":0,"_uf_disable_surveys":false,"footnotes":""},"categories":[8,1,14],"tags":[],"class_list":["post-19438","post","type-post","status-publish","format-standard","has-post-thumbnail","hentry","category-agro","category-news","category-politica-agro"],"_links":{"self":[{"href":"https:\/\/agromt.news\/index.php?rest_route=\/wp\/v2\/posts\/19438"}],"collection":[{"href":"https:\/\/agromt.news\/index.php?rest_route=\/wp\/v2\/posts"}],"about":[{"href":"https:\/\/agromt.news\/index.php?rest_route=\/wp\/v2\/types\/post"}],"author":[{"embeddable":true,"href":"https:\/\/agromt.news\/index.php?rest_route=\/wp\/v2\/users\/1"}],"replies":[{"embeddable":true,"href":"https:\/\/agromt.news\/index.php?rest_route=%2Fwp%2Fv2%2Fcomments&post=19438"}],"version-history":[{"count":0,"href":"https:\/\/agromt.news\/index.php?rest_route=\/wp\/v2\/posts\/19438\/revisions"}],"wp:featuredmedia":[{"embeddable":true,"href":"https:\/\/agromt.news\/index.php?rest_route=\/wp\/v2\/media\/19439"}],"wp:attachment":[{"href":"https:\/\/agromt.news\/index.php?rest_route=%2Fwp%2Fv2%2Fmedia&parent=19438"}],"wp:term":[{"taxonomy":"category","embeddable":true,"href":"https:\/\/agromt.news\/index.php?rest_route=%2Fwp%2Fv2%2Fcategories&post=19438"},{"taxonomy":"post_tag","embeddable":true,"href":"https:\/\/agromt.news\/index.php?rest_route=%2Fwp%2Fv2%2Ftags&post=19438"}],"curies":[{"name":"wp","href":"https:\/\/api.w.org\/{rel}","templated":true}]}}