{"id":19433,"date":"2025-08-30T13:03:36","date_gmt":"2025-08-30T17:03:36","guid":{"rendered":"https:\/\/agromt.news\/?p=19433"},"modified":"2025-08-30T13:03:36","modified_gmt":"2025-08-30T17:03:36","slug":"brasileiro-e-destaque-na-segunda-noite-da-competicao-internacional-na-festa-do-peao-de-barretos","status":"publish","type":"post","link":"https:\/\/agromt.news\/?p=19433","title":{"rendered":"Brasileiro \u00e9 destaque na segunda noite da competi\u00e7\u00e3o internacional na Festa do Pe\u00e3o de Barretos"},"content":{"rendered":"<p> <br \/>\n<br \/><img decoding=\"async\" src=\"https:\/\/agromt.news\/wp-content\/uploads\/2025\/08\/Brasileiro-e-destaque-na-segunda-noite-da-competicao-internacional-na.jpg\" \/><\/p>\n<div>\n<p>O 32\u00ba Barretos International Rodeo teve o 2\u00ba round de montarias na arena do Parque do Pe\u00e3o, na noite de sexta-feira (29). Ap\u00f3s o mexicano \u00c1lvaro Alvarez se destacar na primeira noite, desta vez o brasileiro Caio Vinicius Fazan, de Andradina (SP), recebeu 89,75 pontos ao parar no touro Sai do Eixo, da Companhia T\u00e9rcio Miranda. A segunda melhor nota foi conquistada por Ademir Filho Izidoro, de Lagoa Santa (GO), com 88,50 pontos, montando o touro Mensageiro, da Companhia BR \u2013 Bananinha.<\/p>\n<p><em>Veja em primeira m\u00e3o tudo sobre agricultura, pecu\u00e1ria, economia e previs\u00e3o do tempo:<\/em><a href=\"https:\/\/news.google.com\/publications\/CAAqBwgKMPKZlQswq_mqAw?hl=pt-BR&amp;gl=BR&amp;ceid=BR%3Apt-419\" target=\"_blank\" rel=\"noreferrer noopener\"><em>\u00a0siga o Canal Rural no Google News!<\/em><\/a><\/p>\n<p>\u00a0Dos 35 competidores da etapa internacional, permanecem invictos Vitor Manoel Dias (Sales\/SP), Douglas Xavier (Santa Cruz de Monte Castelo\/PR) e o campe\u00e3o de 2023, Warley Oliveira Silva (Aparecida do Taboado\/MS). Na classifica\u00e7\u00e3o, Vitor Dias lidera com 174,00 pontos; Douglas Xavier aparece em segundo, com 165,50 pontos; e Warley Oliveira Silva ocupa a terceira posi\u00e7\u00e3o, com 160,75 pontos.<\/p>\n<\/div>\n<div>\n<h2 class=\"wp-block-heading\" id=\"h-nbsp-melhor-boiada\">\u00a0<strong>Melhor Boiada<\/strong><\/h2>\n<p>Na disputa entre as boiadas que participam do 32\u00ba Barretos International Rodeo, a lideran\u00e7a \u00e9 da Companhia Calif\u00f3rnia, com 44,67 pontos. A tropa busca o bicampeonato em Barretos ap\u00f3s vencer em 2024.<\/p>\n<h2 class=\"wp-block-heading\" id=\"h-grande-final\">Grande final<\/h2>\n<p>Nesta sexta-feira (29), 12 competidores conseguiram pontuar. No total, 18 atletas j\u00e1 registraram ao menos uma parada nos dois dias de disputa. As eliminat\u00f3rias prosseguem neste s\u00e1bado (30), quando os 25 melhores retornam \u00e0 arena do Parque do Pe\u00e3o em busca de vaga na grande final.<\/p>\n<h2 class=\"wp-block-heading\" id=\"h-transmissao\"><strong>Transmiss\u00e3o<\/strong><\/h2>\n<p>A 70\u00aa edi\u00e7\u00e3o da Festa do Pe\u00e3o de Boiadeiro de Barretos est\u00e1 sendo transmitida pelo <strong><em>BR IN TV<\/em><\/strong>, do grupo Canal Rural, em parceria com a <strong><em>BRTVMAX<\/em><\/strong>, at\u00e9 31 de agosto de 2025. O p\u00fablico pode acompanhar a programa\u00e7\u00e3o pelas TVs conectadas Samsung (canal 2080), LG (canal 137) e TCL (canal 3380)<\/p>\n<\/p><\/div>\n<p><br \/>\n<br \/><a href=\"https:\/\/www.canalrural.com.br\/diversos\/brasileiro-e-destaque-na-segunda-noite-da-competicao-internacional-na-festa-do-peao-de-barretos\/\">Source link <\/a><\/p>\n","protected":false},"excerpt":{"rendered":"<p>O 32\u00ba Barretos International Rodeo teve o 2\u00ba round de montarias na arena do Parque do Pe\u00e3o, na noite de<\/p>\n","protected":false},"author":1,"featured_media":19434,"comment_status":"open","ping_status":"open","sticky":false,"template":"","format":"standard","meta":{"_monsterinsights_skip_tracking":false,"_monsterinsights_sitenote_active":false,"_monsterinsights_sitenote_note":"","_monsterinsights_sitenote_category":0,"_uf_show_specific_survey":0,"_uf_disable_surveys":false,"footnotes":""},"categories":[1],"tags":[],"class_list":["post-19433","post","type-post","status-publish","format-standard","has-post-thumbnail","hentry","category-news"],"_links":{"self":[{"href":"https:\/\/agromt.news\/index.php?rest_route=\/wp\/v2\/posts\/19433"}],"collection":[{"href":"https:\/\/agromt.news\/index.php?rest_route=\/wp\/v2\/posts"}],"about":[{"href":"https:\/\/agromt.news\/index.php?rest_route=\/wp\/v2\/types\/post"}],"author":[{"embeddable":true,"href":"https:\/\/agromt.news\/index.php?rest_route=\/wp\/v2\/users\/1"}],"replies":[{"embeddable":true,"href":"https:\/\/agromt.news\/index.php?rest_route=%2Fwp%2Fv2%2Fcomments&post=19433"}],"version-history":[{"count":0,"href":"https:\/\/agromt.news\/index.php?rest_route=\/wp\/v2\/posts\/19433\/revisions"}],"wp:featuredmedia":[{"embeddable":true,"href":"https:\/\/agromt.news\/index.php?rest_route=\/wp\/v2\/media\/19434"}],"wp:attachment":[{"href":"https:\/\/agromt.news\/index.php?rest_route=%2Fwp%2Fv2%2Fmedia&parent=19433"}],"wp:term":[{"taxonomy":"category","embeddable":true,"href":"https:\/\/agromt.news\/index.php?rest_route=%2Fwp%2Fv2%2Fcategories&post=19433"},{"taxonomy":"post_tag","embeddable":true,"href":"https:\/\/agromt.news\/index.php?rest_route=%2Fwp%2Fv2%2Ftags&post=19433"}],"curies":[{"name":"wp","href":"https:\/\/api.w.org\/{rel}","templated":true}]}}