{"id":19432,"date":"2025-08-30T12:49:45","date_gmt":"2025-08-30T16:49:45","guid":{"rendered":"https:\/\/agromt.news\/?p=19432"},"modified":"2025-08-30T12:49:45","modified_gmt":"2025-08-30T16:49:45","slug":"tarifaco-afeta-a-previsibilidade-e-o-crescimento-da-economia-avalia-ex-diretor-da-omc","status":"publish","type":"post","link":"https:\/\/agromt.news\/?p=19432","title":{"rendered":"Tarifa\u00e7o afeta a previsibilidade e o crescimento da economia, avalia ex-diretor da OMC"},"content":{"rendered":"<p> <br \/>\n<br \/><img decoding=\"async\" src=\"https:\/\/agromt.news\/wp-content\/uploads\/2025\/07\/Sem-citar-Brasil-EUA-estuda-nao-aplicar-tarifas-para-cafe.jpeg\" \/><\/p>\n<div>\n<p>Em entrevista ao Canal Rural, o diplomata e ex-diretor-geral da Organiza\u00e7\u00e3o Mundial do Com\u00e9rcio (OMC), Roberto Azevedo, avaliou os impactos a longo prazo do tarifa\u00e7o imposto pelos Estados Unidos sobre a economia brasileira. Azevedo destacou que a nova pol\u00edtica tarif\u00e1ria de Donald Trump causa um desarranjo significativo na economia global, afetando a previsibilidade dos mercados e gerando incertezas.<\/p>\n<p>\u201cHoje, o sistema multilateral n\u00e3o est\u00e1 funcionando. As regras da OMC n\u00e3o est\u00e3o sendo respeitadas. Isso cria um cen\u00e1rio de total imprevisibilidade. O impacto ser\u00e1 negativo, tanto nos fluxos de investimento quanto no crescimento econ\u00f4mico, al\u00e9m de gerar press\u00f5es inflacion\u00e1rias. Minha esperan\u00e7a \u00e9 que, no futuro, haja algum tipo de acomoda\u00e7\u00e3o que leve a uma estabilidade sem uma ruptura t\u00e3o dr\u00e1stica\u201d, afirmou Azevedo.<\/p>\n<p><iframe title=\"Ex-diretor da OMC avalia papel do \u00f3rg\u00e3o no tarifa\u00e7o dos EUA contra o Brasil\" width=\"800\" height=\"450\" src=\"https:\/\/www.youtube.com\/embed\/qiaBIwPERfA?feature=oembed\" frameborder=\"0\" allow=\"accelerometer; autoplay; clipboard-write; encrypted-media; gyroscope; picture-in-picture; web-share\" referrerpolicy=\"strict-origin-when-cross-origin\" allowfullscreen><\/iframe><noscript><iframe title=\"Ex-diretor da OMC avalia papel do \u00f3rg\u00e3o no tarifa\u00e7o dos EUA contra o Brasil\" width=\"800\" height=\"450\" src=\"https:\/\/www.youtube.com\/embed\/qiaBIwPERfA?feature=oembed\" frameborder=\"0\" allow=\"accelerometer; autoplay; clipboard-write; encrypted-media; gyroscope; picture-in-picture; web-share\" referrerpolicy=\"strict-origin-when-cross-origin\" allowfullscreen><\/iframe><\/noscript><\/p>\n<p>Ele tamb\u00e9m ressaltou que, embora os efeitos no valor agregado da economia brasileira possam n\u00e3o ser t\u00e3o vis\u00edveis em termos absolutos, o impacto setorial ser\u00e1 muito mais forte. \u201cO efeito ser\u00e1 mais evidente em setores espec\u00edficos, principalmente em ind\u00fastrias que dependem 100% das exporta\u00e7\u00f5es para os Estados Unidos. S\u00e3o milhares de empregos em risco se essa situa\u00e7\u00e3o persistir\u201d, afirmou o ex-diretor da OMC.<\/p>\n<p><em>Veja em primeira m\u00e3o tudo sobre agricultura, pecu\u00e1ria, economia e previs\u00e3o do tempo:<\/em><a href=\"https:\/\/news.google.com\/publications\/CAAqBwgKMPKZlQswq_mqAw?hl=pt-BR&amp;gl=BR&amp;ceid=BR%3Apt-419\" target=\"_blank\" rel=\"noreferrer noopener\"><em>\u00a0siga o Canal Rural no Google News!<\/em><\/a><\/p>\n<p>Azevedo ressaltou que muitos setores da economia brasileira t\u00eam uma depend\u00eancia crucial do mercado norte-americano, e a imposi\u00e7\u00e3o de tarifas elevadas pode levar a uma desacelera\u00e7\u00e3o econ\u00f4mica significativa. \u201cN\u00e3o vou nomear setores espec\u00edficos para n\u00e3o ser injusto, mas o impacto ser\u00e1 devastador para muitas ind\u00fastrias\u201d, completou.<\/p>\n<\/div>\n<div>\n<p><strong>Brasil acionou a OMC<\/strong><\/p>\n<p>Em resposta ao aumento das tarifas impostas pelos EUA, o Brasil acionou formalmente a Organiza\u00e7\u00e3o Mundial do Com\u00e9rcio. A den\u00fancia brasileira foi motivada pelo aumento de tarifas sobre produtos como a\u00e7o e alum\u00ednio, que impactam diretamente a ind\u00fastria nacional. O governo brasileiro considera essas tarifas como uma viola\u00e7\u00e3o das regras comerciais internacionais estabelecidas pela OMC.<\/p>\n<p>Apesar de aceitar a consulta solicitada pelo Brasil, os <a href=\"https:\/\/www.canalrural.com.br\/economia\/eua-aceitam-consulta-do-brasil-na-omc-mas-apontam-questao-de-seguranca-nacional\/\">Estados Unidos argumentaram que as tarifas impostas est\u00e3o relacionadas a quest\u00f5es de seguran\u00e7a nacional<\/a>, o que complica o processo de resolu\u00e7\u00e3o no \u00e2mbito da OMC. Esse tipo de justificativa \u00e9 permitido em certas circunst\u00e2ncias, mas precisa ser bem fundamentada para que seja aceita pelas autoridades internacionais.<\/p>\n<p>A a\u00e7\u00e3o do Brasil visa garantir que as regras do com\u00e9rcio global sejam cumpridas, buscando uma solu\u00e7\u00e3o que proteja os interesses da ind\u00fastria nacional, sem prejudicar a estabilidade econ\u00f4mica global.<\/p>\n<\/p><\/div>\n<p><br \/>\n<br \/><a href=\"https:\/\/www.canalrural.com.br\/economia\/tarifaco-afeta-a-previsibilidade-e-o-crescimento-da-economia-avalia-ex-diretor-da-omc\/\">Source link <\/a><\/p>\n","protected":false},"excerpt":{"rendered":"<p>Em entrevista ao Canal Rural, o diplomata e ex-diretor-geral da Organiza\u00e7\u00e3o Mundial do Com\u00e9rcio (OMC), Roberto Azevedo, avaliou os impactos<\/p>\n","protected":false},"author":1,"featured_media":17640,"comment_status":"open","ping_status":"open","sticky":false,"template":"","format":"standard","meta":{"_monsterinsights_skip_tracking":false,"_monsterinsights_sitenote_active":false,"_monsterinsights_sitenote_note":"","_monsterinsights_sitenote_category":0,"_uf_show_specific_survey":0,"_uf_disable_surveys":false,"footnotes":""},"categories":[1],"tags":[],"class_list":["post-19432","post","type-post","status-publish","format-standard","has-post-thumbnail","hentry","category-news"],"_links":{"self":[{"href":"https:\/\/agromt.news\/index.php?rest_route=\/wp\/v2\/posts\/19432"}],"collection":[{"href":"https:\/\/agromt.news\/index.php?rest_route=\/wp\/v2\/posts"}],"about":[{"href":"https:\/\/agromt.news\/index.php?rest_route=\/wp\/v2\/types\/post"}],"author":[{"embeddable":true,"href":"https:\/\/agromt.news\/index.php?rest_route=\/wp\/v2\/users\/1"}],"replies":[{"embeddable":true,"href":"https:\/\/agromt.news\/index.php?rest_route=%2Fwp%2Fv2%2Fcomments&post=19432"}],"version-history":[{"count":0,"href":"https:\/\/agromt.news\/index.php?rest_route=\/wp\/v2\/posts\/19432\/revisions"}],"wp:featuredmedia":[{"embeddable":true,"href":"https:\/\/agromt.news\/index.php?rest_route=\/wp\/v2\/media\/17640"}],"wp:attachment":[{"href":"https:\/\/agromt.news\/index.php?rest_route=%2Fwp%2Fv2%2Fmedia&parent=19432"}],"wp:term":[{"taxonomy":"category","embeddable":true,"href":"https:\/\/agromt.news\/index.php?rest_route=%2Fwp%2Fv2%2Fcategories&post=19432"},{"taxonomy":"post_tag","embeddable":true,"href":"https:\/\/agromt.news\/index.php?rest_route=%2Fwp%2Fv2%2Ftags&post=19432"}],"curies":[{"name":"wp","href":"https:\/\/api.w.org\/{rel}","templated":true}]}}